{"id":198,"date":"2024-03-15T16:07:37","date_gmt":"2024-03-15T15:07:37","guid":{"rendered":"http:\/\/makingblog.audencia.com\/onpartensemble\/?p=198"},"modified":"2024-03-17T17:16:18","modified_gmt":"2024-03-17T16:16:18","slug":"198","status":"publish","type":"post","link":"http:\/\/makingblog.audencia.com\/onpartensemble\/2024\/03\/15\/198\/","title":{"rendered":"Navajas, Espagne : T\u00e9moignage"},"content":{"rendered":"\t\t<div data-elementor-type=\"wp-post\" data-elementor-id=\"198\" class=\"elementor elementor-198\">\n\t\t\t\t<div class=\"elementor-element elementor-element-344f302 e-flex e-con-boxed e-con e-parent\" data-id=\"344f302\" data-element_type=\"container\" data-settings=\"{&quot;content_width&quot;:&quot;boxed&quot;}\" data-core-v316-plus=\"true\">\n\t\t\t\t\t<div class=\"e-con-inner\">\n\t\t\t\t<div class=\"elementor-element elementor-element-dc8554e elementor-widget elementor-widget-testimonial\" data-id=\"dc8554e\" data-element_type=\"widget\" data-widget_type=\"testimonial.default\">\n\t\t\t\t<div class=\"elementor-widget-container\">\n\t\t\t<style>\/*! elementor - v3.19.0 - 07-02-2024 *\/\n.elementor-testimonial-wrapper{overflow:hidden;text-align:center}.elementor-testimonial-wrapper .elementor-testimonial-content{font-size:1.3em;margin-bottom:20px}.elementor-testimonial-wrapper .elementor-testimonial-name{line-height:1.5;display:block}.elementor-testimonial-wrapper .elementor-testimonial-job{font-size:.85em;display:block}.elementor-testimonial-wrapper .elementor-testimonial-meta{width:100%;line-height:1}.elementor-testimonial-wrapper .elementor-testimonial-meta-inner{display:inline-block}.elementor-testimonial-wrapper .elementor-testimonial-meta .elementor-testimonial-details,.elementor-testimonial-wrapper .elementor-testimonial-meta .elementor-testimonial-image{display:table-cell;vertical-align:middle}.elementor-testimonial-wrapper .elementor-testimonial-meta .elementor-testimonial-image img{width:60px;height:60px;border-radius:50%;-o-object-fit:cover;object-fit:cover;max-width:none}.elementor-testimonial-wrapper .elementor-testimonial-meta.elementor-testimonial-image-position-aside .elementor-testimonial-image{padding-right:15px}.elementor-testimonial-wrapper .elementor-testimonial-meta.elementor-testimonial-image-position-aside .elementor-testimonial-details{text-align:left}.elementor-testimonial-wrapper .elementor-testimonial-meta.elementor-testimonial-image-position-top .elementor-testimonial-details,.elementor-testimonial-wrapper .elementor-testimonial-meta.elementor-testimonial-image-position-top .elementor-testimonial-image{display:block}.elementor-testimonial-wrapper .elementor-testimonial-meta.elementor-testimonial-image-position-top .elementor-testimonial-image{margin-bottom:20px}<\/style>\t\t<div class=\"elementor-testimonial-wrapper\">\n\t\t\t\t\t\t\t<div class=\"elementor-testimonial-content\">\"Nous sommes parti \u00e0 10 pendant une semaine \u00e0 Navajas en Espagne. Cette province est superbe \u00e0 visiter, il y a de nombreux petits commerces, des parcs, des sites culturels et surtout la belle cascade du Brazal de plus de 30 m\u00e8tres de haut ! Je recommande fortement ce site qui n'est pas trop peupl\u00e9 de touristes.\"<\/div>\n\t\t\t\n\t\t\t\t\t\t<div class=\"elementor-testimonial-meta elementor-has-image elementor-testimonial-image-position-aside\">\n\t\t\t\t<div class=\"elementor-testimonial-meta-inner\">\n\t\t\t\t\t\t\t\t\t\t\t<div class=\"elementor-testimonial-image\">\n\t\t\t\t\t\t\t<img fetchpriority=\"high\" decoding=\"async\" width=\"279\" height=\"290\" src=\"http:\/\/makingblog.audencia.com\/onpartensemble\/wp-content\/uploads\/2024\/03\/1a7423b4-98b6-44d7-a846-a4e234d76895-1-e1710602015682.jpg\" class=\"attachment-full size-full wp-image-344\" alt=\"\" srcset=\"http:\/\/makingblog.audencia.com\/onpartensemble\/wp-content\/uploads\/2024\/03\/1a7423b4-98b6-44d7-a846-a4e234d76895-1-e1710602015682.jpg 279w, http:\/\/makingblog.audencia.com\/onpartensemble\/wp-content\/uploads\/2024\/03\/1a7423b4-98b6-44d7-a846-a4e234d76895-1-e1710602015682-58x60.jpg 58w\" sizes=\"(max-width: 279px) 100vw, 279px\" \/>\t\t\t\t\t\t<\/div>\n\t\t\t\t\t\n\t\t\t\t\t\t\t\t\t\t<div class=\"elementor-testimonial-details\">\n\t\t\t\t\t\t\t\t\t\t\t\t\t\t<div class=\"elementor-testimonial-name\">Aur\u00e9gan S\u00c9VELLEC<\/div>\n\t\t\t\t\t\t\t\t\t\t\t\t\t\t\t\t\t\t\t\t\t\t<div class=\"elementor-testimonial-job\">07.83.45.67.08<\/div>\n\t\t\t\t\t\t\t\t\t\t\t\t\t<\/div>\n\t\t\t\t\t\t\t\t\t<\/div>\n\t\t\t<\/div>\n\t\t\t\t\t<\/div>\n\t\t\t\t<\/div>\n\t\t\t\t<\/div>\n\t\t\t\t\t<\/div>\n\t\t\t\t<\/div>\n\t\t<div class=\"elementor-element elementor-element-f6bb40e e-flex e-con-boxed e-con e-parent\" data-id=\"f6bb40e\" data-element_type=\"container\" data-settings=\"{&quot;content_width&quot;:&quot;boxed&quot;}\" data-core-v316-plus=\"true\">\n\t\t\t\t\t<div class=\"e-con-inner\">\n\t\t\t\t<div class=\"elementor-element elementor-element-37fbd9b elementor-widget elementor-widget-text-editor\" data-id=\"37fbd9b\" data-element_type=\"widget\" data-widget_type=\"text-editor.default\">\n\t\t\t\t<div class=\"elementor-widget-container\">\n\t\t\t<style>\/*! elementor - v3.19.0 - 07-02-2024 *\/\n.elementor-widget-text-editor.elementor-drop-cap-view-stacked .elementor-drop-cap{background-color:#69727d;color:#fff}.elementor-widget-text-editor.elementor-drop-cap-view-framed .elementor-drop-cap{color:#69727d;border:3px solid;background-color:transparent}.elementor-widget-text-editor:not(.elementor-drop-cap-view-default) .elementor-drop-cap{margin-top:8px}.elementor-widget-text-editor:not(.elementor-drop-cap-view-default) .elementor-drop-cap-letter{width:1em;height:1em}.elementor-widget-text-editor .elementor-drop-cap{float:left;text-align:center;line-height:1;font-size:50px}.elementor-widget-text-editor .elementor-drop-cap-letter{display:inline-block}<\/style>\t\t\t\t<p style=\"text-align: center;\">Si vous \u00eates int\u00e9ress\u00e9 par cette destination n&rsquo;h\u00e9sitez pas \u00e0 contacter Aur\u00e9gan au : 07.83.45.67.08<\/p>\t\t\t\t\t\t<\/div>\n\t\t\t\t<\/div>\n\t\t\t\t\t<\/div>\n\t\t\t\t<\/div>\n\t\t<div class=\"elementor-element elementor-element-fb7557f e-flex e-con-boxed e-con e-parent\" data-id=\"fb7557f\" data-element_type=\"container\" data-settings=\"{&quot;content_width&quot;:&quot;boxed&quot;}\" data-core-v316-plus=\"true\">\n\t\t\t\t\t<div class=\"e-con-inner\">\n\t\t\t\t<div class=\"elementor-element elementor-element-7842b29 elementor-widget elementor-widget-google_maps\" data-id=\"7842b29\" data-element_type=\"widget\" data-widget_type=\"google_maps.default\">\n\t\t\t\t<div class=\"elementor-widget-container\">\n\t\t\t<style>\/*! elementor - v3.19.0 - 07-02-2024 *\/\n.elementor-widget-google_maps .elementor-widget-container{overflow:hidden}.elementor-widget-google_maps .elementor-custom-embed{line-height:0}.elementor-widget-google_maps iframe{height:300px}<\/style>\t\t<div class=\"elementor-custom-embed\">\n\t\t\t<iframe loading=\"lazy\"\n\t\t\t\t\tsrc=\"https:\/\/maps.google.com\/maps?q=Navajas%2C%20Espagne&#038;t=m&#038;z=10&#038;output=embed&#038;iwloc=near\"\n\t\t\t\t\ttitle=\"Navajas, Espagne\"\n\t\t\t\t\taria-label=\"Navajas, Espagne\"\n\t\t\t><\/iframe>\n\t\t<\/div>\n\t\t\t\t<\/div>\n\t\t\t\t<\/div>\n\t\t\t\t\t<\/div>\n\t\t\t\t<\/div>\n\t\t\t\t<\/div>\n\t\t","protected":false},"excerpt":{"rendered":"<p>\u00ab\u00a0Nous sommes parti \u00e0 10 pendant une semaine \u00e0 Navajas en Espagne. Cette province est superbe \u00e0 visiter, il y a de nombreux petits commerces, des parcs, des sites culturels et surtout la belle cascade du Brazal de plus de 30 m\u00e8tres de haut ! Je recommande fortement ce site qui n&rsquo;est pas trop peupl\u00e9 &hellip; <\/p>\n","protected":false},"author":5,"featured_media":199,"comment_status":"open","ping_status":"open","sticky":false,"template":"","format":"standard","meta":{"footnotes":""},"categories":[6,25],"tags":[],"class_list":["post-198","post","type-post","status-publish","format-standard","has-post-thumbnail","hentry","category-photos-videos","category-vos-temoignages"],"_links":{"self":[{"href":"http:\/\/makingblog.audencia.com\/onpartensemble\/wp-json\/wp\/v2\/posts\/198","targetHints":{"allow":["GET"]}}],"collection":[{"href":"http:\/\/makingblog.audencia.com\/onpartensemble\/wp-json\/wp\/v2\/posts"}],"about":[{"href":"http:\/\/makingblog.audencia.com\/onpartensemble\/wp-json\/wp\/v2\/types\/post"}],"author":[{"embeddable":true,"href":"http:\/\/makingblog.audencia.com\/onpartensemble\/wp-json\/wp\/v2\/users\/5"}],"replies":[{"embeddable":true,"href":"http:\/\/makingblog.audencia.com\/onpartensemble\/wp-json\/wp\/v2\/comments?post=198"}],"version-history":[{"count":22,"href":"http:\/\/makingblog.audencia.com\/onpartensemble\/wp-json\/wp\/v2\/posts\/198\/revisions"}],"predecessor-version":[{"id":430,"href":"http:\/\/makingblog.audencia.com\/onpartensemble\/wp-json\/wp\/v2\/posts\/198\/revisions\/430"}],"wp:featuredmedia":[{"embeddable":true,"href":"http:\/\/makingblog.audencia.com\/onpartensemble\/wp-json\/wp\/v2\/media\/199"}],"wp:attachment":[{"href":"http:\/\/makingblog.audencia.com\/onpartensemble\/wp-json\/wp\/v2\/media?parent=198"}],"wp:term":[{"taxonomy":"category","embeddable":true,"href":"http:\/\/makingblog.audencia.com\/onpartensemble\/wp-json\/wp\/v2\/categories?post=198"},{"taxonomy":"post_tag","embeddable":true,"href":"http:\/\/makingblog.audencia.com\/onpartensemble\/wp-json\/wp\/v2\/tags?post=198"}],"curies":[{"name":"wp","href":"https:\/\/api.w.org\/{rel}","templated":true}]}}