{"id":521,"date":"2024-03-19T10:35:46","date_gmt":"2024-03-19T09:35:46","guid":{"rendered":"https:\/\/makingblog.audencia.com\/elephant-a-table\/?p=521"},"modified":"2024-03-19T19:31:48","modified_gmt":"2024-03-19T18:31:48","slug":"apprenez-a-conserver-vos-aliments","status":"publish","type":"post","link":"http:\/\/makingblog.audencia.com\/elephant-a-table\/2024\/03\/19\/apprenez-a-conserver-vos-aliments\/","title":{"rendered":"Apprenez \u00e0 conserver vos aliments !"},"content":{"rendered":"\t\t<div data-elementor-type=\"wp-post\" data-elementor-id=\"521\" class=\"elementor elementor-521\">\n\t\t\t\t<div class=\"elementor-element elementor-element-bc554b5 e-con-full e-flex e-con e-parent\" data-id=\"bc554b5\" data-element_type=\"container\" data-core-v316-plus=\"true\">\n\t\t\t\t<div class=\"elementor-element elementor-element-a8e806c elementor-widget elementor-widget-text-editor\" data-id=\"a8e806c\" data-element_type=\"widget\" data-widget_type=\"text-editor.default\">\n\t\t\t\t<div class=\"elementor-widget-container\">\n\t\t\t<style>\/*! elementor - v3.20.0 - 13-03-2024 *\/\n.elementor-widget-text-editor.elementor-drop-cap-view-stacked .elementor-drop-cap{background-color:#69727d;color:#fff}.elementor-widget-text-editor.elementor-drop-cap-view-framed .elementor-drop-cap{color:#69727d;border:3px solid;background-color:transparent}.elementor-widget-text-editor:not(.elementor-drop-cap-view-default) .elementor-drop-cap{margin-top:8px}.elementor-widget-text-editor:not(.elementor-drop-cap-view-default) .elementor-drop-cap-letter{width:1em;height:1em}.elementor-widget-text-editor .elementor-drop-cap{float:left;text-align:center;line-height:1;font-size:50px}.elementor-widget-text-editor .elementor-drop-cap-letter{display:inline-block}<\/style>\t\t\t\t<p style=\"text-align: justify;\"><span style=\"font-weight: 400; color: #000000;\">Le r\u00e9frig\u00e9rateur est un \u00e9l\u00e9ment essentiel, une bonne organisation permet de conserver les aliments plus longtemps, de gagner du temps et de limiter le gaspillage.<\/span><\/p>\t\t\t\t\t\t<\/div>\n\t\t\t\t<\/div>\n\t\t\t\t<\/div>\n\t\t<div class=\"elementor-element elementor-element-a5433ef e-con-full e-flex e-con e-parent\" data-id=\"a5433ef\" data-element_type=\"container\" data-core-v316-plus=\"true\">\n\t\t<div class=\"elementor-element elementor-element-bd06d56 e-con-full e-flex e-con e-child\" data-id=\"bd06d56\" data-element_type=\"container\">\n\t\t\t\t<div class=\"elementor-element elementor-element-b310d35 elementor-widget elementor-widget-heading\" data-id=\"b310d35\" data-element_type=\"widget\" data-widget_type=\"heading.default\">\n\t\t\t\t<div class=\"elementor-widget-container\">\n\t\t\t<style>\/*! elementor - v3.20.0 - 13-03-2024 *\/\n.elementor-heading-title{padding:0;margin:0;line-height:1}.elementor-widget-heading .elementor-heading-title[class*=elementor-size-]>a{color:inherit;font-size:inherit;line-height:inherit}.elementor-widget-heading .elementor-heading-title.elementor-size-small{font-size:15px}.elementor-widget-heading .elementor-heading-title.elementor-size-medium{font-size:19px}.elementor-widget-heading .elementor-heading-title.elementor-size-large{font-size:29px}.elementor-widget-heading .elementor-heading-title.elementor-size-xl{font-size:39px}.elementor-widget-heading .elementor-heading-title.elementor-size-xxl{font-size:59px}<\/style><h2 class=\"elementor-heading-title elementor-size-default\">Comprendre l'emplacement dans le frigo<\/h2>\t\t<\/div>\n\t\t\t\t<\/div>\n\t\t\t\t<div class=\"elementor-element elementor-element-71cd2a0 elementor-widget__width-initial elementor-widget elementor-widget-text-editor\" data-id=\"71cd2a0\" data-element_type=\"widget\" data-widget_type=\"text-editor.default\">\n\t\t\t\t<div class=\"elementor-widget-container\">\n\t\t\t\t\t\t\t<p><span style=\"font-weight: 400; color: #000000;\">La temp\u00e9rature n&rsquo;est pas uniforme dans le r\u00e9frig\u00e9rateur. Il est donc important de conna\u00eetre les zones les plus froides et les plus chaudes pour placer les aliments en cons\u00e9quence.<\/span><\/p><ul><li style=\"font-weight: 400;\" aria-level=\"1\"><p><span style=\"font-weight: 400; color: #000000;\">Zone la plus froide (0\u00b0C \u00e0 4\u00b0C) : viande crue, poisson cru, fruits de mer, laitages frais.<\/span><\/p><\/li><li style=\"font-weight: 400;\" aria-level=\"1\"><p><span style=\"font-weight: 400; color: #000000;\">Zone moyenne (4\u00b0C \u00e0 8\u00b0C) : plats cuisin\u00e9s, restes, charcuterie, fromage.<\/span><\/p><\/li><li style=\"font-weight: 400;\" aria-level=\"1\"><p><span style=\"font-weight: 400; color: #000000;\">Zone la plus chaude (8\u00b0C \u00e0 10\u00b0C) : fruits et l\u00e9gumes, \u0153ufs, beurre.<\/span><\/p><\/li><\/ul>\t\t\t\t\t\t<\/div>\n\t\t\t\t<\/div>\n\t\t\t\t<\/div>\n\t\t<div class=\"elementor-element elementor-element-89a6d72 e-con-full e-flex e-con e-child\" data-id=\"89a6d72\" data-element_type=\"container\">\n\t\t\t\t<div class=\"elementor-element elementor-element-ca635f0 elementor-widget__width-initial elementor-widget elementor-widget-image\" data-id=\"ca635f0\" data-element_type=\"widget\" data-widget_type=\"image.default\">\n\t\t\t\t<div class=\"elementor-widget-container\">\n\t\t\t<style>\/*! elementor - v3.20.0 - 13-03-2024 *\/\n.elementor-widget-image{text-align:center}.elementor-widget-image a{display:inline-block}.elementor-widget-image a img[src$=\".svg\"]{width:48px}.elementor-widget-image img{vertical-align:middle;display:inline-block}<\/style>\t\t\t\t\t\t\t\t\t\t<img fetchpriority=\"high\" decoding=\"async\" width=\"200\" height=\"300\" src=\"http:\/\/makingblog.audencia.com\/elephant-a-table\/wp-content\/uploads\/2024\/03\/pexels-photo-17210080-200x300.webp\" class=\"attachment-medium size-medium wp-image-524\" alt=\"\" srcset=\"http:\/\/makingblog.audencia.com\/elephant-a-table\/wp-content\/uploads\/2024\/03\/pexels-photo-17210080-200x300.webp 200w, http:\/\/makingblog.audencia.com\/elephant-a-table\/wp-content\/uploads\/2024\/03\/pexels-photo-17210080-683x1024.webp 683w, http:\/\/makingblog.audencia.com\/elephant-a-table\/wp-content\/uploads\/2024\/03\/pexels-photo-17210080-768x1152.webp 768w, http:\/\/makingblog.audencia.com\/elephant-a-table\/wp-content\/uploads\/2024\/03\/pexels-photo-17210080.webp 1000w\" sizes=\"(max-width: 200px) 100vw, 200px\" \/>\t\t\t\t\t\t\t\t\t\t\t\t\t<\/div>\n\t\t\t\t<\/div>\n\t\t\t\t<\/div>\n\t\t\t\t<\/div>\n\t\t<div class=\"elementor-element elementor-element-25fa07f e-con-full e-flex e-con e-parent\" data-id=\"25fa07f\" data-element_type=\"container\" data-core-v316-plus=\"true\">\n\t\t<div class=\"elementor-element elementor-element-60dca51 e-con-full e-flex e-con e-child\" data-id=\"60dca51\" data-element_type=\"container\">\n\t\t\t\t<div class=\"elementor-element elementor-element-ad0ea5f elementor-widget__width-initial elementor-widget elementor-widget-image\" data-id=\"ad0ea5f\" data-element_type=\"widget\" data-widget_type=\"image.default\">\n\t\t\t\t<div class=\"elementor-widget-container\">\n\t\t\t\t\t\t\t\t\t\t\t\t\t<img decoding=\"async\" width=\"248\" height=\"300\" src=\"http:\/\/makingblog.audencia.com\/elephant-a-table\/wp-content\/uploads\/2024\/03\/pexels-photo-8289912-248x300.webp\" class=\"attachment-medium size-medium wp-image-532\" alt=\"\" srcset=\"http:\/\/makingblog.audencia.com\/elephant-a-table\/wp-content\/uploads\/2024\/03\/pexels-photo-8289912-248x300.webp 248w, http:\/\/makingblog.audencia.com\/elephant-a-table\/wp-content\/uploads\/2024\/03\/pexels-photo-8289912-846x1024.webp 846w, http:\/\/makingblog.audencia.com\/elephant-a-table\/wp-content\/uploads\/2024\/03\/pexels-photo-8289912-768x930.webp 768w, http:\/\/makingblog.audencia.com\/elephant-a-table\/wp-content\/uploads\/2024\/03\/pexels-photo-8289912.webp 1239w\" sizes=\"(max-width: 248px) 100vw, 248px\" \/>\t\t\t\t\t\t\t\t\t\t\t\t\t<\/div>\n\t\t\t\t<\/div>\n\t\t\t\t<\/div>\n\t\t<div class=\"elementor-element elementor-element-42a1740 e-con-full e-flex e-con e-child\" data-id=\"42a1740\" data-element_type=\"container\">\n\t\t\t\t<div class=\"elementor-element elementor-element-b724550 elementor-widget elementor-widget-heading\" data-id=\"b724550\" data-element_type=\"widget\" data-widget_type=\"heading.default\">\n\t\t\t\t<div class=\"elementor-widget-container\">\n\t\t\t<h2 class=\"elementor-heading-title elementor-size-default\">Utiliser le cong\u00e9lateur judicieusement<\/h2>\t\t<\/div>\n\t\t\t\t<\/div>\n\t\t\t\t<div class=\"elementor-element elementor-element-9761bf3 elementor-widget elementor-widget-text-editor\" data-id=\"9761bf3\" data-element_type=\"widget\" data-widget_type=\"text-editor.default\">\n\t\t\t\t<div class=\"elementor-widget-container\">\n\t\t\t\t\t\t\t<p style=\"text-align: justify;\"><span style=\"font-weight: 400; color: #000000;\">Le cong\u00e9lateur est un excellent moyen de prolonger la dur\u00e9e de conservation des aliments. Cependant, il est important de les congeler correctement pour \u00e9viter qu&rsquo;ils ne perdent leurs qualit\u00e9s nutritives et gustatives.<\/span><\/p><ul><li style=\"font-weight: 400; text-align: justify;\" aria-level=\"1\"><p><span style=\"font-weight: 400; color: #000000;\">Congeler les aliments frais rapidement : plus la cong\u00e9lation est rapide, plus la qualit\u00e9 des aliments sera conserv\u00e9e.<\/span><\/p><\/li><li style=\"font-weight: 400; text-align: justify;\" aria-level=\"1\"><p><span style=\"font-weight: 400; color: #000000;\">Utiliser des contenants adapt\u00e9s : les sacs cong\u00e9lation et les bo\u00eetes herm\u00e9tiques sont parfaits pour congeler les aliments.<\/span><\/p><\/li><li style=\"font-weight: 400; text-align: justify;\" aria-level=\"1\"><p><span style=\"font-weight: 400; color: #000000;\">\u00c9tiqueter les contenants : notez la date de cong\u00e9lation et le contenu sur chaque contenant.<\/span><\/p><\/li><li style=\"font-weight: 400; text-align: justify;\" aria-level=\"1\"><p><span style=\"font-weight: 400; color: #000000;\">Ne pas recongeler un aliment d\u00e9congel\u00e9 : cela peut favoriser la prolif\u00e9ration des bact\u00e9ries.<\/span><\/p><\/li><\/ul>\t\t\t\t\t\t<\/div>\n\t\t\t\t<\/div>\n\t\t\t\t<\/div>\n\t\t\t\t<\/div>\n\t\t<div class=\"elementor-element elementor-element-1c39eac e-con-full e-flex e-con e-parent\" data-id=\"1c39eac\" data-element_type=\"container\" data-core-v316-plus=\"true\">\n\t\t<div class=\"elementor-element elementor-element-b630b87 e-con-full e-flex e-con e-child\" data-id=\"b630b87\" data-element_type=\"container\">\n\t\t\t\t<div class=\"elementor-element elementor-element-044531c elementor-widget elementor-widget-heading\" data-id=\"044531c\" data-element_type=\"widget\" data-widget_type=\"heading.default\">\n\t\t\t\t<div class=\"elementor-widget-container\">\n\t\t\t<h2 class=\"elementor-heading-title elementor-size-default\">Conserver les fruits et l\u00e9gumes correctement<\/h2>\t\t<\/div>\n\t\t\t\t<\/div>\n\t\t\t\t<div class=\"elementor-element elementor-element-7aa83fc elementor-widget__width-initial elementor-widget elementor-widget-text-editor\" data-id=\"7aa83fc\" data-element_type=\"widget\" data-widget_type=\"text-editor.default\">\n\t\t\t\t<div class=\"elementor-widget-container\">\n\t\t\t\t\t\t\t<p style=\"text-align: justify;\"><span style=\"font-weight: 400; color: #000000;\">Les fruits et l\u00e9gumes sont des aliments fragiles qui doivent \u00eatre conserv\u00e9s dans des conditions sp\u00e9cifiques pour \u00e9viter qu&rsquo;ils ne se d\u00e9t\u00e9riorent rapidement.<\/span><\/p><ul><li style=\"font-weight: 400; text-align: justify;\" aria-level=\"1\"><span style=\"font-weight: 400; color: #000000;\">Laver les fruits et l\u00e9gumes avant de les ranger : cela permet d&rsquo;\u00e9liminer les salet\u00e9s et les bact\u00e9ries.<\/span><\/li><li style=\"font-weight: 400; text-align: justify;\" aria-level=\"1\"><span style=\"font-weight: 400; color: #000000;\">Les essuyer soigneusement : l&rsquo;humidit\u00e9 favorise le d\u00e9veloppement de moisissures.<\/span><\/li><li style=\"font-weight: 400; text-align: justify;\" aria-level=\"1\"><span style=\"font-weight: 400; color: #000000;\">Les ranger dans le bac \u00e0 l\u00e9gumes : le bac \u00e0 l\u00e9gumes est g\u00e9n\u00e9ralement plus humide que le reste du r\u00e9frig\u00e9rateur, ce qui est id\u00e9al pour conserver les fruits et l\u00e9gumes.<\/span><\/li><li style=\"font-weight: 400; text-align: justify;\" aria-level=\"1\"><span style=\"font-weight: 400; color: #000000;\">Ne pas les stocker ensemble : certains fruits et l\u00e9gumes d\u00e9gagent des gaz qui peuvent faire m\u00fbrir les autres trop rapidement.<\/span><\/li><\/ul>\t\t\t\t\t\t<\/div>\n\t\t\t\t<\/div>\n\t\t\t\t<\/div>\n\t\t<div class=\"elementor-element elementor-element-4e1563c e-con-full e-flex e-con e-child\" data-id=\"4e1563c\" data-element_type=\"container\">\n\t\t\t\t<div class=\"elementor-element elementor-element-c7456c5 elementor-widget elementor-widget-image\" data-id=\"c7456c5\" data-element_type=\"widget\" data-widget_type=\"image.default\">\n\t\t\t\t<div class=\"elementor-widget-container\">\n\t\t\t\t\t\t\t\t\t\t\t\t\t<img decoding=\"async\" width=\"300\" height=\"200\" src=\"http:\/\/makingblog.audencia.com\/elephant-a-table\/wp-content\/uploads\/2024\/03\/pexels-photo-4443442-300x200.webp\" class=\"attachment-medium size-medium wp-image-525\" alt=\"\" srcset=\"http:\/\/makingblog.audencia.com\/elephant-a-table\/wp-content\/uploads\/2024\/03\/pexels-photo-4443442-300x200.webp 300w, http:\/\/makingblog.audencia.com\/elephant-a-table\/wp-content\/uploads\/2024\/03\/pexels-photo-4443442-1024x683.webp 1024w, http:\/\/makingblog.audencia.com\/elephant-a-table\/wp-content\/uploads\/2024\/03\/pexels-photo-4443442-768x512.webp 768w, http:\/\/makingblog.audencia.com\/elephant-a-table\/wp-content\/uploads\/2024\/03\/pexels-photo-4443442-1536x1024.webp 1536w, http:\/\/makingblog.audencia.com\/elephant-a-table\/wp-content\/uploads\/2024\/03\/pexels-photo-4443442-2048x1365.webp 2048w\" sizes=\"(max-width: 300px) 100vw, 300px\" \/>\t\t\t\t\t\t\t\t\t\t\t\t\t<\/div>\n\t\t\t\t<\/div>\n\t\t\t\t<\/div>\n\t\t\t\t<\/div>\n\t\t<div class=\"elementor-element elementor-element-86c0c5c e-con-full e-flex e-con e-parent\" data-id=\"86c0c5c\" data-element_type=\"container\" data-core-v316-plus=\"true\">\n\t\t<div class=\"elementor-element elementor-element-25a2c8c e-con-full e-flex e-con e-child\" data-id=\"25a2c8c\" data-element_type=\"container\">\n\t\t\t\t<div class=\"elementor-element elementor-element-d5cc29d elementor-widget elementor-widget-image\" data-id=\"d5cc29d\" data-element_type=\"widget\" data-widget_type=\"image.default\">\n\t\t\t\t<div class=\"elementor-widget-container\">\n\t\t\t\t\t\t\t\t\t\t\t\t\t<img loading=\"lazy\" decoding=\"async\" width=\"200\" height=\"300\" src=\"http:\/\/makingblog.audencia.com\/elephant-a-table\/wp-content\/uploads\/2024\/03\/pexels-photo-1435706-200x300.webp\" class=\"attachment-medium size-medium wp-image-526\" alt=\"\" srcset=\"http:\/\/makingblog.audencia.com\/elephant-a-table\/wp-content\/uploads\/2024\/03\/pexels-photo-1435706-200x300.webp 200w, http:\/\/makingblog.audencia.com\/elephant-a-table\/wp-content\/uploads\/2024\/03\/pexels-photo-1435706-683x1024.webp 683w, http:\/\/makingblog.audencia.com\/elephant-a-table\/wp-content\/uploads\/2024\/03\/pexels-photo-1435706-768x1152.webp 768w, http:\/\/makingblog.audencia.com\/elephant-a-table\/wp-content\/uploads\/2024\/03\/pexels-photo-1435706.webp 1000w\" sizes=\"(max-width: 200px) 100vw, 200px\" \/>\t\t\t\t\t\t\t\t\t\t\t\t\t<\/div>\n\t\t\t\t<\/div>\n\t\t\t\t<\/div>\n\t\t<div class=\"elementor-element elementor-element-f6946ca e-con-full e-flex e-con e-child\" data-id=\"f6946ca\" data-element_type=\"container\">\n\t\t\t\t<div class=\"elementor-element elementor-element-5a58888 elementor-widget elementor-widget-heading\" data-id=\"5a58888\" data-element_type=\"widget\" data-widget_type=\"heading.default\">\n\t\t\t\t<div class=\"elementor-widget-container\">\n\t\t\t<h2 class=\"elementor-heading-title elementor-size-default\">Pr\u00e9servation des produits laitiers<\/h2>\t\t<\/div>\n\t\t\t\t<\/div>\n\t\t\t\t<div class=\"elementor-element elementor-element-c19b706 elementor-widget__width-initial elementor-widget elementor-widget-text-editor\" data-id=\"c19b706\" data-element_type=\"widget\" data-widget_type=\"text-editor.default\">\n\t\t\t\t<div class=\"elementor-widget-container\">\n\t\t\t\t\t\t\t<p style=\"text-align: justify;\"><span style=\"color: #000000;\">Les produits laitiers sont des aliments p\u00e9rissables qui doivent \u00eatre conserv\u00e9s au r\u00e9frig\u00e9rateur.<\/span><\/p><ul><li style=\"font-weight: 400; text-align: justify;\" aria-level=\"1\"><p><span style=\"font-weight: 400; color: #000000;\">Les ranger dans un compartiment herm\u00e9tique : cela permet de les prot\u00e9ger des odeurs et des bact\u00e9ries.<\/span><\/p><\/li><li style=\"font-weight: 400; text-align: justify;\" aria-level=\"1\"><p><span style=\"font-weight: 400; color: #000000;\">Consommer les produits laitiers rapidement : la plupart des produits laitiers se conservent quelques jours seulement au r\u00e9frig\u00e9rateur.<\/span><\/p><\/li><li style=\"font-weight: 400; text-align: justify;\" aria-level=\"1\"><p><span style=\"font-weight: 400; color: #000000;\">V\u00e9rifier la date de p\u00e9remption : ne pas consommer les produits laitiers dont la date de p\u00e9remption est d\u00e9pass\u00e9e.<\/span><\/p><\/li><\/ul>\t\t\t\t\t\t<\/div>\n\t\t\t\t<\/div>\n\t\t\t\t<\/div>\n\t\t\t\t<\/div>\n\t\t<div class=\"elementor-element elementor-element-6adcaf7 e-con-full e-flex e-con e-parent\" data-id=\"6adcaf7\" data-element_type=\"container\" data-core-v316-plus=\"true\">\n\t\t<div class=\"elementor-element elementor-element-538b6df e-con-full e-flex e-con e-child\" data-id=\"538b6df\" data-element_type=\"container\">\n\t\t\t\t<div class=\"elementor-element elementor-element-03ec4b8 elementor-widget elementor-widget-heading\" data-id=\"03ec4b8\" data-element_type=\"widget\" data-widget_type=\"heading.default\">\n\t\t\t\t<div class=\"elementor-widget-container\">\n\t\t\t<h2 class=\"elementor-heading-title elementor-size-default\">Gestion des restes<\/h2>\t\t<\/div>\n\t\t\t\t<\/div>\n\t\t\t\t<div class=\"elementor-element elementor-element-b425dd5 elementor-widget__width-initial elementor-widget elementor-widget-text-editor\" data-id=\"b425dd5\" data-element_type=\"widget\" data-widget_type=\"text-editor.default\">\n\t\t\t\t<div class=\"elementor-widget-container\">\n\t\t\t\t\t\t\t<p style=\"text-align: justify;\"><span style=\"color: #000000;\">Les restes de repas peuvent \u00eatre conserv\u00e9s au r\u00e9frig\u00e9rateur pendant quelques jours.<\/span><\/p><ul><li style=\"font-weight: 400; text-align: justify;\" aria-level=\"1\"><p><span style=\"font-weight: 400; color: #000000;\">Les ranger dans des contenants herm\u00e9tiques : cela permet de les prot\u00e9ger des odeurs et des bact\u00e9ries.<\/span><\/p><\/li><li style=\"font-weight: 400; text-align: justify;\" aria-level=\"1\"><p><span style=\"font-weight: 400; color: #000000;\">Les consommer rapidement : les restes de repas ne se conservent que quelques jours au r\u00e9frig\u00e9rateur.<\/span><\/p><\/li><li style=\"font-weight: 400; text-align: justify;\" aria-level=\"1\"><p><span style=\"font-weight: 400; color: #000000;\">Les congeler : si vous ne pensez pas pouvoir consommer les restes de repas dans les prochains jours, vous pouvez les congeler.<\/span><\/p><\/li><\/ul>\t\t\t\t\t\t<\/div>\n\t\t\t\t<\/div>\n\t\t\t\t<\/div>\n\t\t<div class=\"elementor-element elementor-element-6103f6b e-con-full e-flex e-con e-child\" data-id=\"6103f6b\" data-element_type=\"container\">\n\t\t\t\t<div class=\"elementor-element elementor-element-6331969 elementor-widget__width-initial elementor-widget elementor-widget-image\" data-id=\"6331969\" data-element_type=\"widget\" data-widget_type=\"image.default\">\n\t\t\t\t<div class=\"elementor-widget-container\">\n\t\t\t\t\t\t\t\t\t\t\t\t\t<img loading=\"lazy\" decoding=\"async\" width=\"300\" height=\"300\" src=\"http:\/\/makingblog.audencia.com\/elephant-a-table\/wp-content\/uploads\/2024\/03\/pexels-photo-105588-300x300.jpeg\" class=\"attachment-medium size-medium wp-image-527\" alt=\"\" srcset=\"http:\/\/makingblog.audencia.com\/elephant-a-table\/wp-content\/uploads\/2024\/03\/pexels-photo-105588-300x300.jpeg 300w, http:\/\/makingblog.audencia.com\/elephant-a-table\/wp-content\/uploads\/2024\/03\/pexels-photo-105588-1024x1024.jpeg 1024w, http:\/\/makingblog.audencia.com\/elephant-a-table\/wp-content\/uploads\/2024\/03\/pexels-photo-105588-150x150.jpeg 150w, http:\/\/makingblog.audencia.com\/elephant-a-table\/wp-content\/uploads\/2024\/03\/pexels-photo-105588-768x768.jpeg 768w, http:\/\/makingblog.audencia.com\/elephant-a-table\/wp-content\/uploads\/2024\/03\/pexels-photo-105588.jpeg 1500w\" sizes=\"(max-width: 300px) 100vw, 300px\" \/>\t\t\t\t\t\t\t\t\t\t\t\t\t<\/div>\n\t\t\t\t<\/div>\n\t\t\t\t<\/div>\n\t\t\t\t<\/div>\n\t\t<div class=\"elementor-element elementor-element-7289d37 e-con-full e-flex e-con e-parent\" data-id=\"7289d37\" data-element_type=\"container\" data-core-v316-plus=\"true\">\n\t\t\t\t<div class=\"elementor-element elementor-element-75ab57d elementor-widget elementor-widget-text-editor\" data-id=\"75ab57d\" data-element_type=\"widget\" data-widget_type=\"text-editor.default\">\n\t\t\t\t<div class=\"elementor-widget-container\">\n\t\t\t\t\t\t\t<p style=\"text-align: left;\"><span style=\"font-weight: 400; color: #000000;\">En suivant ces conseils, vous pourrez mieux organiser votre r\u00e9frig\u00e9rateur et conserver vos aliments plus longtemps.<\/span><\/p>\t\t\t\t\t\t<\/div>\n\t\t\t\t<\/div>\n\t\t\t\t<\/div>\n\t\t\t\t<\/div>\n\t\t","protected":false},"excerpt":{"rendered":"<p>Le r\u00e9frig\u00e9rateur est un \u00e9l\u00e9ment essentiel, une bonne organisation permet de conserver les aliments plus longtemps, de gagner du temps et de limiter le gaspillage. Comprendre l&#8217;emplacement dans le frigo La temp\u00e9rature n&rsquo;est pas uniforme dans le r\u00e9frig\u00e9rateur. Il est donc important de conna\u00eetre les zones les plus froides et les plus chaudes pour placer [&hellip;]<\/p>\n","protected":false},"author":3,"featured_media":522,"comment_status":"open","ping_status":"open","sticky":false,"template":"","format":"standard","meta":{"footnotes":""},"categories":[21,7],"tags":[40,62,61],"class_list":["post-521","post","type-post","status-publish","format-standard","has-post-thumbnail","hentry","category-astuces-de-conservation","category-bons-plans","tag-astuces","tag-conseils","tag-conservation"],"_links":{"self":[{"href":"http:\/\/makingblog.audencia.com\/elephant-a-table\/wp-json\/wp\/v2\/posts\/521","targetHints":{"allow":["GET"]}}],"collection":[{"href":"http:\/\/makingblog.audencia.com\/elephant-a-table\/wp-json\/wp\/v2\/posts"}],"about":[{"href":"http:\/\/makingblog.audencia.com\/elephant-a-table\/wp-json\/wp\/v2\/types\/post"}],"author":[{"embeddable":true,"href":"http:\/\/makingblog.audencia.com\/elephant-a-table\/wp-json\/wp\/v2\/users\/3"}],"replies":[{"embeddable":true,"href":"http:\/\/makingblog.audencia.com\/elephant-a-table\/wp-json\/wp\/v2\/comments?post=521"}],"version-history":[{"count":16,"href":"http:\/\/makingblog.audencia.com\/elephant-a-table\/wp-json\/wp\/v2\/posts\/521\/revisions"}],"predecessor-version":[{"id":583,"href":"http:\/\/makingblog.audencia.com\/elephant-a-table\/wp-json\/wp\/v2\/posts\/521\/revisions\/583"}],"wp:featuredmedia":[{"embeddable":true,"href":"http:\/\/makingblog.audencia.com\/elephant-a-table\/wp-json\/wp\/v2\/media\/522"}],"wp:attachment":[{"href":"http:\/\/makingblog.audencia.com\/elephant-a-table\/wp-json\/wp\/v2\/media?parent=521"}],"wp:term":[{"taxonomy":"category","embeddable":true,"href":"http:\/\/makingblog.audencia.com\/elephant-a-table\/wp-json\/wp\/v2\/categories?post=521"},{"taxonomy":"post_tag","embeddable":true,"href":"http:\/\/makingblog.audencia.com\/elephant-a-table\/wp-json\/wp\/v2\/tags?post=521"}],"curies":[{"name":"wp","href":"https:\/\/api.w.org\/{rel}","templated":true}]}}