{"id":94,"date":"2024-02-22T10:50:28","date_gmt":"2024-02-22T09:50:28","guid":{"rendered":"https:\/\/makingblog.audencia.com\/au-fil-du-temps\/?p=94"},"modified":"2024-03-14T16:59:27","modified_gmt":"2024-03-14T15:59:27","slug":"les-jeans-%f0%9f%91%96","status":"publish","type":"post","link":"http:\/\/makingblog.audencia.com\/au-fil-du-temps\/2024\/02\/22\/les-jeans-%f0%9f%91%96\/","title":{"rendered":"Le Jean : ic\u00f4ne de la mode intemporelle \ud83d\udc56"},"content":{"rendered":"\t\t<div data-elementor-type=\"wp-post\" data-elementor-id=\"94\" class=\"elementor elementor-94\">\n\t\t\t\t<div class=\"elementor-element elementor-element-cd952fe e-flex e-con-boxed e-con e-parent\" data-id=\"cd952fe\" data-element_type=\"container\" data-settings=\"{&quot;content_width&quot;:&quot;boxed&quot;}\" data-core-v316-plus=\"true\">\n\t\t\t\t\t<div class=\"e-con-inner\">\n\t\t\t\t<div class=\"elementor-element elementor-element-4961ae1 elementor-widget elementor-widget-text-editor\" data-id=\"4961ae1\" data-element_type=\"widget\" data-widget_type=\"text-editor.default\">\n\t\t\t\t<div class=\"elementor-widget-container\">\n\t\t\t<style>\/*! elementor - v3.19.0 - 07-02-2024 *\/\n.elementor-widget-text-editor.elementor-drop-cap-view-stacked .elementor-drop-cap{background-color:#69727d;color:#fff}.elementor-widget-text-editor.elementor-drop-cap-view-framed .elementor-drop-cap{color:#69727d;border:3px solid;background-color:transparent}.elementor-widget-text-editor:not(.elementor-drop-cap-view-default) .elementor-drop-cap{margin-top:8px}.elementor-widget-text-editor:not(.elementor-drop-cap-view-default) .elementor-drop-cap-letter{width:1em;height:1em}.elementor-widget-text-editor .elementor-drop-cap{float:left;text-align:center;line-height:1;font-size:50px}.elementor-widget-text-editor .elementor-drop-cap-letter{display:inline-block}<\/style>\t\t\t\t<p><span id=\"docs-internal-guid-fa5503d1-7fff-9160-585a-864ff0b86d25\"><span style=\"font-size: 11pt; font-family: Arial, sans-serif; color: #0d0d0d; font-variant-numeric: normal; font-variant-east-asian: normal; font-variant-alternates: normal; font-variant-position: normal; vertical-align: baseline; white-space-collapse: preserve;\"><b>73 jeans sont vendus par seconde dans le monde.<\/b> Ce chiffre t\u00e9moigne de la renomm\u00e9e incontestable de cette ic\u00f4ne de nos garde-robes. Mais comment ce v\u00eatement est-il devenu une ic\u00f4ne de la mode, traversant les \u00e9poques et les fronti\u00e8res ? Plongeons dans l&rsquo;histoire du jean, un r\u00e9cit entre tradition et modernit\u00e9. <img decoding=\"async\" class=\"emoji\" role=\"img\" draggable=\"false\" src=\"https:\/\/s.w.org\/images\/core\/emoji\/14.0.0\/svg\/1f30d.svg\" alt=\"\ud83c\udf0d\" \/><\/span><\/span><\/p>\t\t\t\t\t\t<\/div>\n\t\t\t\t<\/div>\n\t\t\t\t\t<\/div>\n\t\t\t\t<\/div>\n\t\t<div class=\"elementor-element elementor-element-4a38fd7 e-con-full e-flex e-con e-parent\" data-id=\"4a38fd7\" data-element_type=\"container\" data-settings=\"{&quot;content_width&quot;:&quot;full&quot;}\" data-core-v316-plus=\"true\">\n\t\t\t\t<div class=\"elementor-element elementor-element-dc99b6c elementor-widget elementor-widget-image\" data-id=\"dc99b6c\" data-element_type=\"widget\" data-widget_type=\"image.default\">\n\t\t\t\t<div class=\"elementor-widget-container\">\n\t\t\t<style>\/*! elementor - v3.19.0 - 07-02-2024 *\/\n.elementor-widget-image{text-align:center}.elementor-widget-image a{display:inline-block}.elementor-widget-image a img[src$=\".svg\"]{width:48px}.elementor-widget-image img{vertical-align:middle;display:inline-block}<\/style>\t\t\t\t\t\t\t<figure class=\"wp-caption\">\n\t\t\t\t\t\t\t\t\t\t\t<a href=\"https:\/\/www.bolidster.com\/wp-content\/uploads\/2020\/03\/Levi-Strauss-Jacob-Davis.jpg\">\n\t\t\t\t\t\t\t<img fetchpriority=\"high\" decoding=\"async\" width=\"374\" height=\"249\" src=\"http:\/\/makingblog.audencia.com\/au-fil-du-temps\/wp-content\/uploads\/2024\/02\/Levi-Strauss-Jacob-Davis-374x249.webp\" class=\"attachment-blossom-pin-related size-blossom-pin-related wp-image-205\" alt=\"\" srcset=\"http:\/\/makingblog.audencia.com\/au-fil-du-temps\/wp-content\/uploads\/2024\/02\/Levi-Strauss-Jacob-Davis-374x249.webp 374w, http:\/\/makingblog.audencia.com\/au-fil-du-temps\/wp-content\/uploads\/2024\/02\/Levi-Strauss-Jacob-Davis-300x201.webp 300w, http:\/\/makingblog.audencia.com\/au-fil-du-temps\/wp-content\/uploads\/2024\/02\/Levi-Strauss-Jacob-Davis-768x514.webp 768w, http:\/\/makingblog.audencia.com\/au-fil-du-temps\/wp-content\/uploads\/2024\/02\/Levi-Strauss-Jacob-Davis-90x60.webp 90w, http:\/\/makingblog.audencia.com\/au-fil-du-temps\/wp-content\/uploads\/2024\/02\/Levi-Strauss-Jacob-Davis.webp 770w\" sizes=\"(max-width: 374px) 100vw, 374px\" \/>\t\t\t\t\t\t\t\t<\/a>\n\t\t\t\t\t\t\t\t\t\t\t<figcaption class=\"widget-image-caption wp-caption-text\">Jacob Davis et Levi Strauss<\/figcaption>\n\t\t\t\t\t\t\t\t\t\t<\/figure>\n\t\t\t\t\t\t\t<\/div>\n\t\t\t\t<\/div>\n\t\t\t\t<\/div>\n\t\t<div class=\"elementor-element elementor-element-33d1bbe e-flex e-con-boxed e-con e-parent\" data-id=\"33d1bbe\" data-element_type=\"container\" data-settings=\"{&quot;content_width&quot;:&quot;boxed&quot;}\" data-core-v316-plus=\"true\">\n\t\t\t\t\t<div class=\"e-con-inner\">\n\t\t\t\t<div class=\"elementor-element elementor-element-4c27418 elementor-widget elementor-widget-text-editor\" data-id=\"4c27418\" data-element_type=\"widget\" data-widget_type=\"text-editor.default\">\n\t\t\t\t<div class=\"elementor-widget-container\">\n\t\t\t\t\t\t\t<p><span id=\"docs-internal-guid-1524f826-7fff-7d05-01f3-ee22cc09eb8a\"><span style=\"font-size: 11pt; font-family: Arial, sans-serif; color: #0d0d0d; font-variant-numeric: normal; font-variant-east-asian: normal; font-variant-alternates: normal; font-variant-position: normal; vertical-align: baseline; white-space-collapse: preserve;\">L&rsquo;histoire du jean commence aux<\/span><span style=\"font-size: 11pt; font-family: Arial, sans-serif; color: #0d0d0d; font-weight: bold; font-variant-numeric: normal; font-variant-east-asian: normal; font-variant-alternates: normal; font-variant-position: normal; vertical-align: baseline; white-space-collapse: preserve;\"> \u00c9tats-Unis<\/span><span style=\"font-size: 11pt; font-family: Arial, sans-serif; color: #0d0d0d; font-variant-numeric: normal; font-variant-east-asian: normal; font-variant-alternates: normal; font-variant-position: normal; vertical-align: baseline; white-space-collapse: preserve;\"> \u00e0 la fin du 19\u1d49 si\u00e8cle, bien que ses origines pr\u00e9cises du tissu demeurent myst\u00e9rieuses une chose est certaine : en 1873, c\u2019est <b>Levi Strauss<\/b> et le tailleur <b>Jacob<\/b> <b>Davis<\/b> qui ont d\u00e9pos\u00e9 un brevet pour un <b>pantalon en denim dot\u00e9 de rivets en cuivre<\/b>, marquant ainsi le d\u00e9but de l&rsquo;\u00e8re du blue-jean. <\/span><\/span><span style=\"color: #0d0d0d; font-family: Arial, sans-serif; font-size: 11pt; white-space-collapse: preserve; font-weight: var( --e-global-typography-text-font-weight ); text-align: var(--text-align);\"><img decoding=\"async\" class=\"emoji\" role=\"img\" draggable=\"false\" src=\"https:\/\/s.w.org\/images\/core\/emoji\/14.0.0\/svg\/1f4a1.svg\" alt=\"\ud83d\udca1\" \/><\/span><\/p>\t\t\t\t\t\t<\/div>\n\t\t\t\t<\/div>\n\t\t\t\t\t<\/div>\n\t\t\t\t<\/div>\n\t\t<div class=\"elementor-element elementor-element-038c675 e-flex e-con-boxed e-con e-parent\" data-id=\"038c675\" data-element_type=\"container\" data-settings=\"{&quot;content_width&quot;:&quot;boxed&quot;}\" data-core-v316-plus=\"true\">\n\t\t\t\t\t<div class=\"e-con-inner\">\n\t\t<div class=\"elementor-element elementor-element-c4f1bbb e-con-full e-flex e-con e-child\" data-id=\"c4f1bbb\" data-element_type=\"container\" data-settings=\"{&quot;content_width&quot;:&quot;full&quot;}\">\n\t\t\t\t<div class=\"elementor-element elementor-element-b88d439 elementor-widget elementor-widget-image\" data-id=\"b88d439\" data-element_type=\"widget\" data-widget_type=\"image.default\">\n\t\t\t\t<div class=\"elementor-widget-container\">\n\t\t\t\t\t\t\t\t\t\t<figure class=\"wp-caption\">\n\t\t\t\t\t\t\t\t\t\t\t<a href=\"https:\/\/media.cnn.com\/api\/v1\/images\/stellar\/prod\/190719115245-jeans-detail.jpg?q=w_2000,c_fill\/f_webp\">\n\t\t\t\t\t\t\t<img decoding=\"async\" width=\"790\" height=\"527\" src=\"http:\/\/makingblog.audencia.com\/au-fil-du-temps\/wp-content\/uploads\/2024\/02\/190719115245-jeans-detail-1024x683.jpg\" class=\"attachment-large size-large wp-image-215\" alt=\"\" srcset=\"http:\/\/makingblog.audencia.com\/au-fil-du-temps\/wp-content\/uploads\/2024\/02\/190719115245-jeans-detail-1024x683.jpg 1024w, http:\/\/makingblog.audencia.com\/au-fil-du-temps\/wp-content\/uploads\/2024\/02\/190719115245-jeans-detail-300x200.jpg 300w, http:\/\/makingblog.audencia.com\/au-fil-du-temps\/wp-content\/uploads\/2024\/02\/190719115245-jeans-detail-768x512.jpg 768w, http:\/\/makingblog.audencia.com\/au-fil-du-temps\/wp-content\/uploads\/2024\/02\/190719115245-jeans-detail-1536x1024.jpg 1536w, http:\/\/makingblog.audencia.com\/au-fil-du-temps\/wp-content\/uploads\/2024\/02\/190719115245-jeans-detail-2048x1365.jpg 2048w, http:\/\/makingblog.audencia.com\/au-fil-du-temps\/wp-content\/uploads\/2024\/02\/190719115245-jeans-detail-90x60.jpg 90w, http:\/\/makingblog.audencia.com\/au-fil-du-temps\/wp-content\/uploads\/2024\/02\/190719115245-jeans-detail-374x249.jpg 374w\" sizes=\"(max-width: 790px) 100vw, 790px\" \/>\t\t\t\t\t\t\t\t<\/a>\n\t\t\t\t\t\t\t\t\t\t\t<figcaption class=\"widget-image-caption wp-caption-text\">Rivet en cuivre (poche)<\/figcaption>\n\t\t\t\t\t\t\t\t\t\t<\/figure>\n\t\t\t\t\t\t\t<\/div>\n\t\t\t\t<\/div>\n\t\t\t\t<\/div>\n\t\t<div class=\"elementor-element elementor-element-cdac661 e-con-full e-flex e-con e-child\" data-id=\"cdac661\" data-element_type=\"container\" data-settings=\"{&quot;content_width&quot;:&quot;full&quot;}\">\n\t\t\t\t<div class=\"elementor-element elementor-element-b9c0c07 elementor-widget elementor-widget-image\" data-id=\"b9c0c07\" data-element_type=\"widget\" data-widget_type=\"image.default\">\n\t\t\t\t<div class=\"elementor-widget-container\">\n\t\t\t\t\t\t\t\t\t\t<figure class=\"wp-caption\">\n\t\t\t\t\t\t\t\t\t\t\t<a href=\"https:\/\/m.media-amazon.com\/images\/I\/61trzfRsRTL.__AC_SX300_SY300_QL70_FMwebp_.jpg\">\n\t\t\t\t\t\t\t<img decoding=\"async\" width=\"374\" height=\"249\" src=\"http:\/\/makingblog.audencia.com\/au-fil-du-temps\/wp-content\/uploads\/2024\/02\/61trzfRsRTL-374x249.jpg\" class=\"attachment-blossom-pin-related size-blossom-pin-related wp-image-214\" alt=\"\" \/>\t\t\t\t\t\t\t\t<\/a>\n\t\t\t\t\t\t\t\t\t\t\t<figcaption class=\"widget-image-caption wp-caption-text\">Rivet en cuivre (bouton)<\/figcaption>\n\t\t\t\t\t\t\t\t\t\t<\/figure>\n\t\t\t\t\t\t\t<\/div>\n\t\t\t\t<\/div>\n\t\t\t\t<\/div>\n\t\t\t\t\t<\/div>\n\t\t\t\t<\/div>\n\t\t<div class=\"elementor-element elementor-element-4b0a74c e-flex e-con-boxed e-con e-parent\" data-id=\"4b0a74c\" data-element_type=\"container\" data-settings=\"{&quot;content_width&quot;:&quot;boxed&quot;}\" data-core-v316-plus=\"true\">\n\t\t\t\t\t<div class=\"e-con-inner\">\n\t\t\t\t<div class=\"elementor-element elementor-element-6fe31f4 elementor-widget elementor-widget-text-editor\" data-id=\"6fe31f4\" data-element_type=\"widget\" data-widget_type=\"text-editor.default\">\n\t\t\t\t<div class=\"elementor-widget-container\">\n\t\t\t\t\t\t\t<p><span id=\"docs-internal-guid-17fddf26-7fff-fc25-bd72-2189cf32e317\"><span style=\"font-size: 11pt; font-family: Arial, sans-serif; color: #0d0d0d; font-variant-numeric: normal; font-variant-east-asian: normal; font-variant-alternates: normal; font-variant-position: normal; vertical-align: baseline; white-space-collapse: preserve;\">\u00c0 l&rsquo;origine destin\u00e9 aux <b>ouvriers<\/b> et aux <b>mineurs<\/b>, le jean \u00e9tait d&rsquo;abord con\u00e7u pour sa <b>r\u00e9sistance<\/b> <b>et<\/b> sa <b>praticit\u00e9<\/b>. Mais au fil du temps, il s&rsquo;est \u00e9lev\u00e9 au rang de symbole de <b>r\u00e9bellion<\/b> et de <b>libert\u00e9<\/b>. Des ic\u00f4nes telles que Marilyn Monroe dans les ann\u00e9es 50 ont contribu\u00e9 \u00e0 populariser son port, tandis que les mouvements contestataires des ann\u00e9es 60 et 70 ont fait du jean un v\u00e9ritable embl\u00e8me de la contre-culture. <img decoding=\"async\" class=\"emoji\" role=\"img\" draggable=\"false\" src=\"https:\/\/s.w.org\/images\/core\/emoji\/14.0.0\/svg\/1f31f.svg\" alt=\"\ud83c\udf1f\" \/><\/span><\/span><\/p>\t\t\t\t\t\t<\/div>\n\t\t\t\t<\/div>\n\t\t\t\t\t<\/div>\n\t\t\t\t<\/div>\n\t\t<div class=\"elementor-element elementor-element-63a8aea e-flex e-con-boxed e-con e-parent\" data-id=\"63a8aea\" data-element_type=\"container\" data-settings=\"{&quot;content_width&quot;:&quot;boxed&quot;}\" data-core-v316-plus=\"true\">\n\t\t\t\t\t<div class=\"e-con-inner\">\n\t\t<div class=\"elementor-element elementor-element-da7f91e e-con-full e-flex e-con e-child\" data-id=\"da7f91e\" data-element_type=\"container\" data-settings=\"{&quot;content_width&quot;:&quot;full&quot;}\">\n\t\t\t\t<div class=\"elementor-element elementor-element-1a6904a elementor-widget elementor-widget-image\" data-id=\"1a6904a\" data-element_type=\"widget\" data-widget_type=\"image.default\">\n\t\t\t\t<div class=\"elementor-widget-container\">\n\t\t\t\t\t\t\t\t\t\t<figure class=\"wp-caption\">\n\t\t\t\t\t\t\t\t\t\t\t<a href=\"https:\/\/media.vogue.fr\/photos\/5caca1413d44a03e61cc120a\/master\/w_1600,c_limit\/003-Miners-in-Levis-Vogue-Encyclopedia--Denim-Jeans-1st-April-2019-Vogue-Int-Credit-Getty-Images.jpg\">\n\t\t\t\t\t\t\t<img loading=\"lazy\" decoding=\"async\" width=\"448\" height=\"560\" src=\"http:\/\/makingblog.audencia.com\/au-fil-du-temps\/wp-content\/uploads\/2024\/02\/003-Miners-in-Levis-Vogue-Encyclopedia-Denim-Jeans-1st-April-2019-Vogue-Int-Credit-Getty-Images-448x560.webp\" class=\"attachment-blossom-pin-archive size-blossom-pin-archive wp-image-223\" alt=\"\" \/>\t\t\t\t\t\t\t\t<\/a>\n\t\t\t\t\t\t\t\t\t\t\t<figcaption class=\"widget-image-caption wp-caption-text\">Mineurs en jeans<\/figcaption>\n\t\t\t\t\t\t\t\t\t\t<\/figure>\n\t\t\t\t\t\t\t<\/div>\n\t\t\t\t<\/div>\n\t\t\t\t<\/div>\n\t\t<div class=\"elementor-element elementor-element-9190b85 e-con-full e-flex e-con e-child\" data-id=\"9190b85\" data-element_type=\"container\" data-settings=\"{&quot;content_width&quot;:&quot;full&quot;}\">\n\t\t\t\t<div class=\"elementor-element elementor-element-ffaf3d6 elementor-widget elementor-widget-image\" data-id=\"ffaf3d6\" data-element_type=\"widget\" data-widget_type=\"image.default\">\n\t\t\t\t<div class=\"elementor-widget-container\">\n\t\t\t\t\t\t\t\t\t\t<figure class=\"wp-caption\">\n\t\t\t\t\t\t\t\t\t\t\t<a href=\"https:\/\/classicfashioniconsblog.files.wordpress.com\/2017\/07\/2e07bd14cae043d7aa0dd9099cddb324.jpg\">\n\t\t\t\t\t\t\t<img loading=\"lazy\" decoding=\"async\" width=\"448\" height=\"560\" src=\"http:\/\/makingblog.audencia.com\/au-fil-du-temps\/wp-content\/uploads\/2024\/02\/2e07bd14cae043d7aa0dd9099cddb324-448x560.jpg\" class=\"attachment-blossom-pin-archive size-blossom-pin-archive wp-image-224\" alt=\"\" srcset=\"http:\/\/makingblog.audencia.com\/au-fil-du-temps\/wp-content\/uploads\/2024\/02\/2e07bd14cae043d7aa0dd9099cddb324-448x560.jpg 448w, http:\/\/makingblog.audencia.com\/au-fil-du-temps\/wp-content\/uploads\/2024\/02\/2e07bd14cae043d7aa0dd9099cddb324-48x60.jpg 48w\" sizes=\"(max-width: 448px) 100vw, 448px\" \/>\t\t\t\t\t\t\t\t<\/a>\n\t\t\t\t\t\t\t\t\t\t\t<figcaption class=\"widget-image-caption wp-caption-text\">Marilyn Monroe<\/figcaption>\n\t\t\t\t\t\t\t\t\t\t<\/figure>\n\t\t\t\t\t\t\t<\/div>\n\t\t\t\t<\/div>\n\t\t\t\t<\/div>\n\t\t<div class=\"elementor-element elementor-element-271c86d e-con-full e-flex e-con e-child\" data-id=\"271c86d\" data-element_type=\"container\" data-settings=\"{&quot;content_width&quot;:&quot;full&quot;}\">\n\t\t\t\t<div class=\"elementor-element elementor-element-ae3505e elementor-widget elementor-widget-image\" data-id=\"ae3505e\" data-element_type=\"widget\" data-widget_type=\"image.default\">\n\t\t\t\t<div class=\"elementor-widget-container\">\n\t\t\t\t\t\t\t\t\t\t<figure class=\"wp-caption\">\n\t\t\t\t\t\t\t\t\t\t\t<a href=\"https:\/\/www.jeanstrack.com\/blog\/wp-content\/uploads\/2017\/10\/jeansen-los-70%C2%B4s.jpg\">\n\t\t\t\t\t\t\t<img loading=\"lazy\" decoding=\"async\" width=\"348\" height=\"488\" src=\"http:\/\/makingblog.audencia.com\/au-fil-du-temps\/wp-content\/uploads\/2024\/02\/jeansen-los-70\u00b4s.jpg\" class=\"attachment-blossom-pin-archive size-blossom-pin-archive wp-image-222\" alt=\"\" srcset=\"http:\/\/makingblog.audencia.com\/au-fil-du-temps\/wp-content\/uploads\/2024\/02\/jeansen-los-70\u00b4s.jpg 348w, http:\/\/makingblog.audencia.com\/au-fil-du-temps\/wp-content\/uploads\/2024\/02\/jeansen-los-70\u00b4s-214x300.jpg 214w, http:\/\/makingblog.audencia.com\/au-fil-du-temps\/wp-content\/uploads\/2024\/02\/jeansen-los-70\u00b4s-43x60.jpg 43w\" sizes=\"(max-width: 348px) 100vw, 348px\" \/>\t\t\t\t\t\t\t\t<\/a>\n\t\t\t\t\t\t\t\t\t\t\t<figcaption class=\"widget-image-caption wp-caption-text\">Dans les ann\u00e9es 60-70's<\/figcaption>\n\t\t\t\t\t\t\t\t\t\t<\/figure>\n\t\t\t\t\t\t\t<\/div>\n\t\t\t\t<\/div>\n\t\t\t\t<\/div>\n\t\t\t\t\t<\/div>\n\t\t\t\t<\/div>\n\t\t<div class=\"elementor-element elementor-element-761ddf4 e-flex e-con-boxed e-con e-parent\" data-id=\"761ddf4\" data-element_type=\"container\" data-settings=\"{&quot;content_width&quot;:&quot;boxed&quot;}\" data-core-v316-plus=\"true\">\n\t\t\t\t\t<div class=\"e-con-inner\">\n\t\t<div class=\"elementor-element elementor-element-c8312cf e-con-full e-flex e-con e-child\" data-id=\"c8312cf\" data-element_type=\"container\" data-settings=\"{&quot;content_width&quot;:&quot;full&quot;}\">\n\t\t\t\t<div class=\"elementor-element elementor-element-5829c2c elementor-widget elementor-widget-text-editor\" data-id=\"5829c2c\" data-element_type=\"widget\" data-widget_type=\"text-editor.default\">\n\t\t\t\t<div class=\"elementor-widget-container\">\n\t\t\t\t\t\t\t<p style=\"text-align: left;\"><span style=\"font-weight: var( --e-global-typography-text-font-weight ); text-align: var(--text-align); color: #0d0d0d; font-family: Arial, sans-serif; font-size: 11pt; white-space-collapse: preserve;\">\u00c0 partir des <\/span><b style=\"text-align: var(--text-align); color: #0d0d0d; font-family: Arial, sans-serif; font-size: 11pt; white-space-collapse: preserve;\">ann\u00e9es 80<\/b><span style=\"font-weight: var( --e-global-typography-text-font-weight ); text-align: var(--text-align); color: #0d0d0d; font-family: Arial, sans-serif; font-size: 11pt; white-space-collapse: preserve;\">, le jean investit les podiums de haute couture, se r\u00e9inventant sans cesse pour s&rsquo;adapter aux tendances de la mode. Des designers renomm\u00e9s tels que Jean-Paul Gaultier ont apport\u00e9 leur touche personnelle \u00e0 ce v\u00eatement embl\u00e9matique, tandis que de jeunes stylistes ont explor\u00e9 de nouvelles perspectives cr\u00e9atives. <\/span><img decoding=\"async\" class=\"emoji\" style=\"font-weight: var( --e-global-typography-text-font-weight ); text-align: var(--text-align); background-color: #ffffff; color: #0d0d0d; font-family: Arial, sans-serif; font-size: 11pt; white-space-collapse: preserve;\" role=\"img\" draggable=\"false\" src=\"https:\/\/s.w.org\/images\/core\/emoji\/14.0.0\/svg\/1f456.svg\" alt=\"\ud83d\udc56\" \/><\/p>\t\t\t\t\t\t<\/div>\n\t\t\t\t<\/div>\n\t\t\t\t<\/div>\n\t\t<div class=\"elementor-element elementor-element-0a96076 e-con-full e-flex e-con e-child\" data-id=\"0a96076\" data-element_type=\"container\" data-settings=\"{&quot;content_width&quot;:&quot;full&quot;}\">\n\t\t\t\t<div class=\"elementor-element elementor-element-c6959e9 elementor-invisible elementor-widget elementor-widget-image\" data-id=\"c6959e9\" data-element_type=\"widget\" data-settings=\"{&quot;_animation&quot;:&quot;flash&quot;,&quot;_animation_delay&quot;:0}\" data-widget_type=\"image.default\">\n\t\t\t\t<div class=\"elementor-widget-container\">\n\t\t\t\t\t\t\t\t\t\t<figure class=\"wp-caption\">\n\t\t\t\t\t\t\t\t\t\t\t<a href=\"https:\/\/media.vanityfair.fr\/photos\/60d33dd3d3b3dbc245c77294\/1:1\/w_630,h_630,c_limit\/story_jean_paul_gaultier_slider_7920.jpeg\">\n\t\t\t\t\t\t\t<img loading=\"lazy\" decoding=\"async\" width=\"300\" height=\"300\" src=\"http:\/\/makingblog.audencia.com\/au-fil-du-temps\/wp-content\/uploads\/2024\/02\/story_jean_paul_gaultier_slider_7920-300x300.webp\" class=\"attachment-medium size-medium wp-image-230\" alt=\"\" srcset=\"http:\/\/makingblog.audencia.com\/au-fil-du-temps\/wp-content\/uploads\/2024\/02\/story_jean_paul_gaultier_slider_7920-300x300.webp 300w, http:\/\/makingblog.audencia.com\/au-fil-du-temps\/wp-content\/uploads\/2024\/02\/story_jean_paul_gaultier_slider_7920-150x150.webp 150w, http:\/\/makingblog.audencia.com\/au-fil-du-temps\/wp-content\/uploads\/2024\/02\/story_jean_paul_gaultier_slider_7920-60x60.webp 60w, http:\/\/makingblog.audencia.com\/au-fil-du-temps\/wp-content\/uploads\/2024\/02\/story_jean_paul_gaultier_slider_7920.webp 630w\" sizes=\"(max-width: 300px) 100vw, 300px\" \/>\t\t\t\t\t\t\t\t<\/a>\n\t\t\t\t\t\t\t\t\t\t\t<figcaption class=\"widget-image-caption wp-caption-text\">Jean-Paul Gaultier<\/figcaption>\n\t\t\t\t\t\t\t\t\t\t<\/figure>\n\t\t\t\t\t\t\t<\/div>\n\t\t\t\t<\/div>\n\t\t\t\t<\/div>\n\t\t\t\t\t<\/div>\n\t\t\t\t<\/div>\n\t\t<div class=\"elementor-element elementor-element-fae8b45 e-flex e-con-boxed e-con e-parent\" data-id=\"fae8b45\" data-element_type=\"container\" data-settings=\"{&quot;content_width&quot;:&quot;boxed&quot;}\" data-core-v316-plus=\"true\">\n\t\t\t\t\t<div class=\"e-con-inner\">\n\t\t<div class=\"elementor-element elementor-element-bfdf35e e-con-full e-flex e-con e-child\" data-id=\"bfdf35e\" data-element_type=\"container\" data-settings=\"{&quot;content_width&quot;:&quot;full&quot;}\">\n\t\t\t\t<div class=\"elementor-element elementor-element-ff788eb elementor-widget elementor-widget-image\" data-id=\"ff788eb\" data-element_type=\"widget\" data-widget_type=\"image.default\">\n\t\t\t\t<div class=\"elementor-widget-container\">\n\t\t\t\t\t\t\t\t\t\t\t\t\t\t<a href=\"https:\/\/i.pinimg.com\/236x\/15\/21\/e1\/1521e1885084cc866a74ba301f4ac3a6.jpg\">\n\t\t\t\t\t\t\t<img loading=\"lazy\" decoding=\"async\" width=\"236\" height=\"354\" src=\"http:\/\/makingblog.audencia.com\/au-fil-du-temps\/wp-content\/uploads\/2024\/02\/1521e1885084cc866a74ba301f4ac3a6.jpg\" class=\"attachment-large size-large wp-image-231\" alt=\"\" srcset=\"http:\/\/makingblog.audencia.com\/au-fil-du-temps\/wp-content\/uploads\/2024\/02\/1521e1885084cc866a74ba301f4ac3a6.jpg 236w, http:\/\/makingblog.audencia.com\/au-fil-du-temps\/wp-content\/uploads\/2024\/02\/1521e1885084cc866a74ba301f4ac3a6-200x300.jpg 200w, http:\/\/makingblog.audencia.com\/au-fil-du-temps\/wp-content\/uploads\/2024\/02\/1521e1885084cc866a74ba301f4ac3a6-40x60.jpg 40w\" sizes=\"(max-width: 236px) 100vw, 236px\" \/>\t\t\t\t\t\t\t\t<\/a>\n\t\t\t\t\t\t\t\t\t\t\t\t\t<\/div>\n\t\t\t\t<\/div>\n\t\t\t\t<\/div>\n\t\t<div class=\"elementor-element elementor-element-8b85e99 e-con-full e-flex e-con e-child\" data-id=\"8b85e99\" data-element_type=\"container\" data-settings=\"{&quot;content_width&quot;:&quot;full&quot;}\">\n\t\t\t\t<div class=\"elementor-element elementor-element-78f17bd elementor-widget elementor-widget-image\" data-id=\"78f17bd\" data-element_type=\"widget\" data-widget_type=\"image.default\">\n\t\t\t\t<div class=\"elementor-widget-container\">\n\t\t\t\t\t\t\t\t\t\t\t\t\t\t<a href=\"https:\/\/www.pinterest.fr\/pin\/171559067048681919\/\">\n\t\t\t\t\t\t\t<img loading=\"lazy\" decoding=\"async\" width=\"564\" height=\"845\" src=\"http:\/\/makingblog.audencia.com\/au-fil-du-temps\/wp-content\/uploads\/2024\/02\/bf05b50bc78abbfb70df9015d7e69fd4.jpg\" class=\"attachment-large size-large wp-image-232\" alt=\"\" srcset=\"http:\/\/makingblog.audencia.com\/au-fil-du-temps\/wp-content\/uploads\/2024\/02\/bf05b50bc78abbfb70df9015d7e69fd4.jpg 564w, http:\/\/makingblog.audencia.com\/au-fil-du-temps\/wp-content\/uploads\/2024\/02\/bf05b50bc78abbfb70df9015d7e69fd4-200x300.jpg 200w, http:\/\/makingblog.audencia.com\/au-fil-du-temps\/wp-content\/uploads\/2024\/02\/bf05b50bc78abbfb70df9015d7e69fd4-40x60.jpg 40w\" sizes=\"(max-width: 564px) 100vw, 564px\" \/>\t\t\t\t\t\t\t\t<\/a>\n\t\t\t\t\t\t\t\t\t\t\t\t\t<\/div>\n\t\t\t\t<\/div>\n\t\t\t\t<\/div>\n\t\t<div class=\"elementor-element elementor-element-0518e26 e-con-full e-flex e-con e-child\" data-id=\"0518e26\" data-element_type=\"container\" data-settings=\"{&quot;content_width&quot;:&quot;full&quot;}\">\n\t\t\t\t<div class=\"elementor-element elementor-element-a899476 elementor-widget elementor-widget-image\" data-id=\"a899476\" data-element_type=\"widget\" data-widget_type=\"image.default\">\n\t\t\t\t<div class=\"elementor-widget-container\">\n\t\t\t\t\t\t\t\t\t\t\t\t\t<img loading=\"lazy\" decoding=\"async\" width=\"564\" height=\"846\" src=\"http:\/\/makingblog.audencia.com\/au-fil-du-temps\/wp-content\/uploads\/2024\/02\/613bedc43c6035456a83d5878a2cd4b7.jpg\" class=\"attachment-large size-large wp-image-233\" alt=\"\" srcset=\"http:\/\/makingblog.audencia.com\/au-fil-du-temps\/wp-content\/uploads\/2024\/02\/613bedc43c6035456a83d5878a2cd4b7.jpg 564w, http:\/\/makingblog.audencia.com\/au-fil-du-temps\/wp-content\/uploads\/2024\/02\/613bedc43c6035456a83d5878a2cd4b7-200x300.jpg 200w, http:\/\/makingblog.audencia.com\/au-fil-du-temps\/wp-content\/uploads\/2024\/02\/613bedc43c6035456a83d5878a2cd4b7-40x60.jpg 40w\" sizes=\"(max-width: 564px) 100vw, 564px\" \/>\t\t\t\t\t\t\t\t\t\t\t\t\t<\/div>\n\t\t\t\t<\/div>\n\t\t\t\t<\/div>\n\t\t\t\t\t<\/div>\n\t\t\t\t<\/div>\n\t\t<div class=\"elementor-element elementor-element-32e5f08 e-flex e-con-boxed e-con e-parent\" data-id=\"32e5f08\" data-element_type=\"container\" data-settings=\"{&quot;content_width&quot;:&quot;boxed&quot;}\" data-core-v316-plus=\"true\">\n\t\t\t\t\t<div class=\"e-con-inner\">\n\t\t\t\t<div class=\"elementor-element elementor-element-479aff5 elementor-widget elementor-widget-text-editor\" data-id=\"479aff5\" data-element_type=\"widget\" data-widget_type=\"text-editor.default\">\n\t\t\t\t<div class=\"elementor-widget-container\">\n\t\t\t\t\t\t\t<p dir=\"ltr\" style=\"line-height: 1.38; text-align: justify; background-color: #ffffff; margin-top: 0pt; margin-bottom: 0pt;\"><span style=\"font-size: 11pt; font-family: Arial,sans-serif; color: #0d0d0d; background-color: #ffffff; font-weight: 400; font-style: normal; font-variant: normal; text-decoration: none; vertical-align: baseline; white-space: pre-wrap;\">Depuis sa cr\u00e9ation, le jean n&rsquo;a cess\u00e9 d&rsquo;\u00e9voluer pour refl\u00e9ter les <\/span><span style=\"font-size: 11pt; font-family: Arial, sans-serif; color: #0d0d0d; background-color: #ffffff; font-style: normal; font-variant: normal; text-decoration: none; vertical-align: baseline; white-space: pre-wrap;\"><b>aspirations<\/b><\/span><span style=\"font-size: 11pt; font-family: Arial,sans-serif; color: #0d0d0d; background-color: #ffffff; font-weight: 400; font-style: normal; font-variant: normal; text-decoration: none; vertical-align: baseline; white-space: pre-wrap;\"> et les <\/span><span style=\"font-size: 11pt; font-family: Arial, sans-serif; color: #0d0d0d; background-color: #ffffff; font-style: normal; font-variant: normal; text-decoration: none; vertical-align: baseline; white-space: pre-wrap;\"><b>valeurs<\/b><\/span><span style=\"font-size: 11pt; font-family: Arial,sans-serif; color: #0d0d0d; background-color: #ffffff; font-weight: 400; font-style: normal; font-variant: normal; text-decoration: none; vertical-align: baseline; white-space: pre-wrap;\"> de chaque \u00e9poque. Des modifications subtiles dans la coupe et le style ont accompagn\u00e9 les <\/span><span style=\"font-size: 11pt; font-family: Arial, sans-serif; color: #0d0d0d; background-color: #ffffff; font-style: normal; font-variant: normal; text-decoration: none; vertical-align: baseline; white-space: pre-wrap;\"><b>changements sociaux,<\/b><\/span><span style=\"font-size: 11pt; font-family: Arial,sans-serif; color: #0d0d0d; background-color: #ffffff; font-weight: 400; font-style: normal; font-variant: normal; text-decoration: none; vertical-align: baseline; white-space: pre-wrap;\"> tandis que les <\/span><span style=\"font-size: 11pt; font-family: Arial, sans-serif; color: #0d0d0d; background-color: #ffffff; font-style: normal; font-variant: normal; text-decoration: none; vertical-align: baseline; white-space: pre-wrap;\"><b>innovations techniques<\/b><\/span><span style=\"font-size: 11pt; font-family: Arial,sans-serif; color: #0d0d0d; background-color: #ffffff; font-weight: 400; font-style: normal; font-variant: normal; text-decoration: none; vertical-align: baseline; white-space: pre-wrap;\"> ont permis d&rsquo;am\u00e9liorer encore sa durabilit\u00e9 et son confort.<\/span><\/p><p dir=\"ltr\" style=\"line-height: 1.38; text-align: justify; background-color: #ffffff; margin-top: 0pt; margin-bottom: 0pt;\"><span style=\"font-size: 11pt; font-family: Arial,sans-serif; color: #0d0d0d; background-color: #ffffff; font-weight: 400; font-style: normal; font-variant: normal; text-decoration: none; vertical-align: baseline; white-space: pre-wrap;\">\u00a0<\/span><\/p><p dir=\"ltr\" style=\"line-height: 1.38; text-align: justify; background-color: #ffffff; margin-top: 0pt; margin-bottom: 0pt;\">\u00a0<\/p><p dir=\"ltr\" style=\"line-height: 1.38; text-align: justify; background-color: #ffffff; margin-top: 0pt; margin-bottom: 0pt;\"><span style=\"font-size: 11pt; font-family: Arial,sans-serif; color: #0d0d0d; background-color: #ffffff; font-weight: 400; font-style: normal; font-variant: normal; text-decoration: none; vertical-align: baseline; white-space: pre-wrap;\">Aujourd&rsquo;hui, le jean est devenu bien plus qu&rsquo;un simple v\u00eatement. Il transcende les fronti\u00e8res g\u00e9ographiques et sociales, unifiant les g\u00e9n\u00e9rations et les cultures sous son embl\u00e8me intemporel. Que ce soit sur les podiums des d\u00e9fil\u00e9s de mode ou dans les rues des villes du monde entier, le jean demeure un symbole de <\/span><span style=\"font-size: 11pt; font-family: Arial, sans-serif; color: #0d0d0d; background-color: #ffffff; font-style: normal; font-variant: normal; text-decoration: none; vertical-align: baseline; white-space: pre-wrap;\"><b>libert\u00e9<\/b><\/span><span style=\"font-size: 11pt; font-family: Arial,sans-serif; color: #0d0d0d; background-color: #ffffff; font-weight: 400; font-style: normal; font-variant: normal; text-decoration: none; vertical-align: baseline; white-space: pre-wrap;\">, <\/span><span style=\"font-size: 11pt; font-family: Arial, sans-serif; color: #0d0d0d; background-color: #ffffff; font-style: normal; font-variant: normal; text-decoration: none; vertical-align: baseline; white-space: pre-wrap;\"><b>d&rsquo;individualit\u00e9<\/b><\/span><span style=\"font-size: 11pt; font-family: Arial,sans-serif; color: #0d0d0d; background-color: #ffffff; font-weight: 400; font-style: normal; font-variant: normal; text-decoration: none; vertical-align: baseline; white-space: pre-wrap;\"> et de <\/span><span style=\"font-size: 11pt; font-family: Arial, sans-serif; color: #0d0d0d; background-color: #ffffff; font-style: normal; font-variant: normal; text-decoration: none; vertical-align: baseline; white-space: pre-wrap;\"><b>style<\/b><\/span><span style=\"font-size: 11pt; font-family: Arial,sans-serif; color: #0d0d0d; background-color: #ffffff; font-weight: 400; font-style: normal; font-variant: normal; text-decoration: none; vertical-align: baseline; white-space: pre-wrap;\">. <img decoding=\"async\" class=\"emoji\" role=\"img\" draggable=\"false\" src=\"https:\/\/s.w.org\/images\/core\/emoji\/14.0.0\/svg\/1f31f.svg\" alt=\"\ud83c\udf1f\" \/><\/span><\/p>\t\t\t\t\t\t<\/div>\n\t\t\t\t<\/div>\n\t\t\t\t\t<\/div>\n\t\t\t\t<\/div>\n\t\t\t\t<\/div>\n\t\t","protected":false},"excerpt":{"rendered":"<p>73 jeans sont vendus par seconde dans le monde. Ce chiffre t\u00e9moigne de la renomm\u00e9e incontestable de cette ic\u00f4ne de nos garde-robes. Mais comment ce v\u00eatement est-il devenu une ic\u00f4ne de la mode, traversant les \u00e9poques et les fronti\u00e8res ? Plongeons dans l&rsquo;histoire du jean, un r\u00e9cit entre tradition et modernit\u00e9. Jacob Davis et Levi &hellip; <\/p>\n","protected":false},"author":3,"featured_media":202,"comment_status":"open","ping_status":"open","sticky":false,"template":"","format":"standard","meta":{"footnotes":""},"categories":[9],"tags":[],"class_list":["post-94","post","type-post","status-publish","format-standard","has-post-thumbnail","hentry","category-jeans","latest_post"],"_links":{"self":[{"href":"http:\/\/makingblog.audencia.com\/au-fil-du-temps\/wp-json\/wp\/v2\/posts\/94","targetHints":{"allow":["GET"]}}],"collection":[{"href":"http:\/\/makingblog.audencia.com\/au-fil-du-temps\/wp-json\/wp\/v2\/posts"}],"about":[{"href":"http:\/\/makingblog.audencia.com\/au-fil-du-temps\/wp-json\/wp\/v2\/types\/post"}],"author":[{"embeddable":true,"href":"http:\/\/makingblog.audencia.com\/au-fil-du-temps\/wp-json\/wp\/v2\/users\/3"}],"replies":[{"embeddable":true,"href":"http:\/\/makingblog.audencia.com\/au-fil-du-temps\/wp-json\/wp\/v2\/comments?post=94"}],"version-history":[{"count":35,"href":"http:\/\/makingblog.audencia.com\/au-fil-du-temps\/wp-json\/wp\/v2\/posts\/94\/revisions"}],"predecessor-version":[{"id":251,"href":"http:\/\/makingblog.audencia.com\/au-fil-du-temps\/wp-json\/wp\/v2\/posts\/94\/revisions\/251"}],"wp:featuredmedia":[{"embeddable":true,"href":"http:\/\/makingblog.audencia.com\/au-fil-du-temps\/wp-json\/wp\/v2\/media\/202"}],"wp:attachment":[{"href":"http:\/\/makingblog.audencia.com\/au-fil-du-temps\/wp-json\/wp\/v2\/media?parent=94"}],"wp:term":[{"taxonomy":"category","embeddable":true,"href":"http:\/\/makingblog.audencia.com\/au-fil-du-temps\/wp-json\/wp\/v2\/categories?post=94"},{"taxonomy":"post_tag","embeddable":true,"href":"http:\/\/makingblog.audencia.com\/au-fil-du-temps\/wp-json\/wp\/v2\/tags?post=94"}],"curies":[{"name":"wp","href":"https:\/\/api.w.org\/{rel}","templated":true}]}}