{"id":128,"date":"2024-02-22T11:25:49","date_gmt":"2024-02-22T10:25:49","guid":{"rendered":"https:\/\/makingblog.audencia.com\/au-fil-du-temps\/?p=128"},"modified":"2024-03-14T18:29:25","modified_gmt":"2024-03-14T17:29:25","slug":"du-tailleur-au-blazer-%f0%9f%a7%a5","status":"publish","type":"post","link":"http:\/\/makingblog.audencia.com\/au-fil-du-temps\/2024\/02\/22\/du-tailleur-au-blazer-%f0%9f%a7%a5\/","title":{"rendered":"Le blazer entre tradition et modernit\u00e9\ud83e\udde5"},"content":{"rendered":"\t\t<div data-elementor-type=\"wp-post\" data-elementor-id=\"128\" class=\"elementor elementor-128\">\n\t\t\t\t<div class=\"elementor-element elementor-element-56f0823 e-flex e-con-boxed e-con e-parent\" data-id=\"56f0823\" data-element_type=\"container\" data-settings=\"{&quot;content_width&quot;:&quot;boxed&quot;}\" data-core-v316-plus=\"true\">\n\t\t\t\t\t<div class=\"e-con-inner\">\n\t\t\t\t<div class=\"elementor-element elementor-element-8a61057 elementor-widget elementor-widget-text-editor\" data-id=\"8a61057\" data-element_type=\"widget\" data-widget_type=\"text-editor.default\">\n\t\t\t\t<div class=\"elementor-widget-container\">\n\t\t\t<style>\/*! elementor - v3.19.0 - 07-02-2024 *\/\n.elementor-widget-text-editor.elementor-drop-cap-view-stacked .elementor-drop-cap{background-color:#69727d;color:#fff}.elementor-widget-text-editor.elementor-drop-cap-view-framed .elementor-drop-cap{color:#69727d;border:3px solid;background-color:transparent}.elementor-widget-text-editor:not(.elementor-drop-cap-view-default) .elementor-drop-cap{margin-top:8px}.elementor-widget-text-editor:not(.elementor-drop-cap-view-default) .elementor-drop-cap-letter{width:1em;height:1em}.elementor-widget-text-editor .elementor-drop-cap{float:left;text-align:center;line-height:1;font-size:50px}.elementor-widget-text-editor .elementor-drop-cap-letter{display:inline-block}<\/style>\t\t\t\t<p dir=\"ltr\" style=\"line-height: 1.38; text-align: justify; background-color: #ffffff; margin-top: 6pt; margin-bottom: 0pt;\"><span style=\"font-size: 11pt; font-family: Arial,sans-serif; color: #000000; background-color: transparent; font-weight: 400; font-style: normal; font-variant: normal; text-decoration: none; vertical-align: baseline; white-space: pre-wrap;\">Le blazer trouve ses origines <\/span><span style=\"font-size: 11pt; font-family: Arial, sans-serif; color: #000000; background-color: transparent; font-style: normal; font-variant: normal; text-decoration: none; vertical-align: baseline; white-space: pre-wrap;\"><b>au d\u00e9but du 19\u1d49 si\u00e8cle<\/b><\/span><span style=\"font-size: 11pt; font-family: Arial,sans-serif; color: #000000; background-color: transparent; font-weight: 400; font-style: normal; font-variant: normal; text-decoration: none; vertical-align: baseline; white-space: pre-wrap;\"> parmi les membres des clubs de sports nautiques britanniques. Initialement con\u00e7ue comme une veste en laine bleu marine, agr\u00e9ment\u00e9e de boutons en laiton, cette pi\u00e8ce \u00e9tait port\u00e9e lors des activit\u00e9s de voile. Son nom \u00ab\u00a0blazer\u00a0\u00bb provient probablement du mot \u00ab <\/span><span style=\"font-size: 11pt; font-family: Arial, sans-serif; color: #000000; background-color: transparent; font-style: normal; font-variant: normal; text-decoration: none; vertical-align: baseline; white-space: pre-wrap;\"><b>blaze \u00bb<\/b><\/span><span style=\"font-size: 11pt; font-family: Arial,sans-serif; color: #000000; background-color: transparent; font-weight: 400; font-style: normal; font-variant: normal; text-decoration: none; vertical-align: baseline; white-space: pre-wrap;\">, qui signifie \u00ab\u00a0flamboyant\u00a0\u00bb ou \u00ab\u00a0vif\u00a0\u00bb, en r\u00e9f\u00e9rence aux couleurs vives des vestes port\u00e9es par ces membres de clubs.\u00a0\ud83e\udef1\ud83c\udffb\u200d\ud83e\udef2\ud83c\udffc<\/span><\/p><p>\u00a0<\/p><p dir=\"ltr\" style=\"line-height: 1.38; text-align: justify; background-color: #ffffff; margin-top: 0pt; margin-bottom: 0pt; padding: 6pt 0pt 0pt 0pt;\"><span style=\"font-size: 11pt; font-family: Arial,sans-serif; color: #000000; background-color: transparent; font-weight: 400; font-style: normal; font-variant: normal; text-decoration: none; vertical-align: baseline; white-space: pre-wrap;\">Cr\u00e9\u00e9 en 1885 par l\u2019Anglais John Redfern, le blazer \u00e9tait au premier abord un v\u00eatement pour homme, qui se d\u00e9mocratise au fur et \u00e0 mesure et entre alors dans le vestiaire des femmes au 19\u1d49 si\u00e8cle. Les changements de soci\u00e9t\u00e9 vont de pair avec le port du blazer qui devient un v\u00eatement de jour au m\u00eame titre que la robe.\u00a0<\/span><\/p>\t\t\t\t\t\t<\/div>\n\t\t\t\t<\/div>\n\t\t\t\t\t<\/div>\n\t\t\t\t<\/div>\n\t\t<div class=\"elementor-element elementor-element-e116e02 e-flex e-con-boxed e-con e-parent\" data-id=\"e116e02\" data-element_type=\"container\" data-settings=\"{&quot;content_width&quot;:&quot;boxed&quot;}\" data-core-v316-plus=\"true\">\n\t\t\t\t\t<div class=\"e-con-inner\">\n\t\t<div class=\"elementor-element elementor-element-1eed86f e-con-full e-flex e-con e-child\" data-id=\"1eed86f\" data-element_type=\"container\" data-settings=\"{&quot;content_width&quot;:&quot;full&quot;}\">\n\t\t\t\t<div class=\"elementor-element elementor-element-aef930e elementor-widget__width-initial elementor-invisible elementor-widget elementor-widget-image\" data-id=\"aef930e\" data-element_type=\"widget\" data-settings=\"{&quot;_animation&quot;:&quot;zoomIn&quot;}\" data-widget_type=\"image.default\">\n\t\t\t\t<div class=\"elementor-widget-container\">\n\t\t\t<style>\/*! elementor - v3.19.0 - 07-02-2024 *\/\n.elementor-widget-image{text-align:center}.elementor-widget-image a{display:inline-block}.elementor-widget-image a img[src$=\".svg\"]{width:48px}.elementor-widget-image img{vertical-align:middle;display:inline-block}<\/style>\t\t\t\t\t\t\t<figure class=\"wp-caption\">\n\t\t\t\t\t\t\t\t\t\t<img fetchpriority=\"high\" decoding=\"async\" width=\"330\" height=\"440\" src=\"http:\/\/makingblog.audencia.com\/au-fil-du-temps\/wp-content\/uploads\/2024\/02\/john.webp\" class=\"attachment-large size-large wp-image-134\" alt=\"\" srcset=\"http:\/\/makingblog.audencia.com\/au-fil-du-temps\/wp-content\/uploads\/2024\/02\/john.webp 330w, http:\/\/makingblog.audencia.com\/au-fil-du-temps\/wp-content\/uploads\/2024\/02\/john-225x300.webp 225w, http:\/\/makingblog.audencia.com\/au-fil-du-temps\/wp-content\/uploads\/2024\/02\/john-45x60.webp 45w\" sizes=\"(max-width: 330px) 100vw, 330px\" \/>\t\t\t\t\t\t\t\t\t\t\t<figcaption class=\"widget-image-caption wp-caption-text\">John Redfern <\/figcaption>\n\t\t\t\t\t\t\t\t\t\t<\/figure>\n\t\t\t\t\t\t\t<\/div>\n\t\t\t\t<\/div>\n\t\t\t\t<\/div>\n\t\t<div class=\"elementor-element elementor-element-ea59ae2 e-con-full e-flex e-con e-child\" data-id=\"ea59ae2\" data-element_type=\"container\" data-settings=\"{&quot;content_width&quot;:&quot;full&quot;}\">\n\t\t\t\t<div class=\"elementor-element elementor-element-0313e82 elementor-invisible elementor-widget elementor-widget-image\" data-id=\"0313e82\" data-element_type=\"widget\" data-settings=\"{&quot;_animation&quot;:&quot;zoomIn&quot;}\" data-widget_type=\"image.default\">\n\t\t\t\t<div class=\"elementor-widget-container\">\n\t\t\t\t\t\t\t\t\t\t\t\t\t<img decoding=\"async\" width=\"448\" height=\"560\" src=\"http:\/\/makingblog.audencia.com\/au-fil-du-temps\/wp-content\/uploads\/2024\/02\/veste-john-448x560.webp\" class=\"attachment-blossom-pin-archive size-blossom-pin-archive wp-image-135\" alt=\"\" \/>\t\t\t\t\t\t\t\t\t\t\t\t\t<\/div>\n\t\t\t\t<\/div>\n\t\t\t\t<\/div>\n\t\t\t\t\t<\/div>\n\t\t\t\t<\/div>\n\t\t<div class=\"elementor-element elementor-element-24407cc e-flex e-con-boxed e-con e-parent\" data-id=\"24407cc\" data-element_type=\"container\" data-settings=\"{&quot;content_width&quot;:&quot;boxed&quot;}\" data-core-v316-plus=\"true\">\n\t\t\t\t\t<div class=\"e-con-inner\">\n\t\t<div class=\"elementor-element elementor-element-606e407 e-con-full e-flex e-con e-child\" data-id=\"606e407\" data-element_type=\"container\" data-settings=\"{&quot;content_width&quot;:&quot;full&quot;}\">\n\t\t\t\t<div class=\"elementor-element elementor-element-6ea0da7 elementor-widget elementor-widget-text-editor\" data-id=\"6ea0da7\" data-element_type=\"widget\" data-widget_type=\"text-editor.default\">\n\t\t\t\t<div class=\"elementor-widget-container\">\n\t\t\t\t\t\t\t<p dir=\"ltr\" style=\"line-height: 1.38; text-align: justify; background-color: #ffffff; margin-top: 6pt; margin-bottom: 0pt;\"><span style=\"font-size: 11pt; font-family: Arial,sans-serif; color: #000000; background-color: transparent; font-weight: 400; font-style: normal; font-variant: normal; text-decoration: none; vertical-align: baseline; white-space: pre-wrap;\">Les femmes ont un rythme de vie plus intense, plus actifs et portent donc des v\u00eatements plus <\/span><span style=\"font-size: 11pt; font-family: Arial, sans-serif; color: #000000; background-color: transparent; font-style: normal; font-variant: normal; text-decoration: none; vertical-align: baseline; white-space: pre-wrap;\"><b>confortables<\/b><\/span><span style=\"font-size: 11pt; font-family: Arial,sans-serif; color: #000000; background-color: transparent; font-weight: 400; font-style: normal; font-variant: normal; text-decoration: none; vertical-align: baseline; white-space: pre-wrap;\">. Les corsets disparaissent et laisse place au tailleur. La veste est \u00e0 cette \u00e9poque plus longue, elle descend sur les <\/span><span style=\"font-size: 11pt; font-family: Arial, sans-serif; color: #000000; background-color: transparent; font-style: normal; font-variant: normal; text-decoration: none; vertical-align: baseline; white-space: pre-wrap;\"><b>hanches<\/b><\/span><span style=\"font-size: 11pt; font-family: Arial,sans-serif; color: #000000; background-color: transparent; font-weight: 400; font-style: normal; font-variant: normal; text-decoration: none; vertical-align: baseline; white-space: pre-wrap;\">.<\/span><\/p><p>\u00a0<\/p><p dir=\"ltr\" style=\"line-height: 1.38; text-align: justify; background-color: #ffffff; margin-top: 0pt; margin-bottom: 0pt; padding: 6pt 0pt 0pt 0pt;\"><span style=\"font-size: 11pt; font-family: Arial,sans-serif; color: #000000; background-color: transparent; font-weight: 400; font-style: normal; font-variant: normal; text-decoration: none; vertical-align: baseline; white-space: pre-wrap;\">Au fil des ann\u00e9es, le blazer a \u00e9volu\u00e9 pour devenir un v\u00eatement polyvalent, port\u00e9 \u00e0 la fois pour des occasions d\u00e9contract\u00e9es et plus formelles. Il gagne en popularit\u00e9 parmi les \u00e9tudiants des \u00e9coles prestigieuses britanniques, telles <\/span><span style=\"font-size: 11pt; font-family: Arial, sans-serif; color: #000000; background-color: transparent; font-style: normal; font-variant: normal; text-decoration: none; vertical-align: baseline; white-space: pre-wrap;\"><b>qu&rsquo;Oxford <\/b><\/span><span style=\"font-size: 11pt; font-family: Arial,sans-serif; color: #000000; background-color: transparent; font-weight: 400; font-style: normal; font-variant: normal; text-decoration: none; vertical-align: baseline; white-space: pre-wrap;\">et <\/span><span style=\"font-size: 11pt; font-family: Arial, sans-serif; color: #000000; background-color: transparent; font-style: normal; font-variant: normal; text-decoration: none; vertical-align: baseline; white-space: pre-wrap;\"><b>Cambridge<\/b><\/span><span style=\"font-size: 11pt; font-family: Arial,sans-serif; color: #000000; background-color: transparent; font-weight: 400; font-style: normal; font-variant: normal; text-decoration: none; vertical-align: baseline; white-space: pre-wrap;\">, o\u00f9 il est souvent int\u00e9gr\u00e9 \u00e0 l&rsquo;uniforme. \ud83d\udcd6<\/span><\/p>\t\t\t\t\t\t<\/div>\n\t\t\t\t<\/div>\n\t\t\t\t<\/div>\n\t\t<div class=\"elementor-element elementor-element-6b4acc5 e-con-full e-flex e-con e-child\" data-id=\"6b4acc5\" data-element_type=\"container\" data-settings=\"{&quot;content_width&quot;:&quot;full&quot;}\">\n\t\t\t\t<div class=\"elementor-element elementor-element-8ef9786 elementor-invisible elementor-widget elementor-widget-image\" data-id=\"8ef9786\" data-element_type=\"widget\" data-settings=\"{&quot;_animation&quot;:&quot;zoomIn&quot;}\" data-widget_type=\"image.default\">\n\t\t\t\t<div class=\"elementor-widget-container\">\n\t\t\t\t\t\t\t\t\t\t<figure class=\"wp-caption\">\n\t\t\t\t\t\t\t\t\t\t<img decoding=\"async\" width=\"375\" height=\"450\" src=\"http:\/\/makingblog.audencia.com\/au-fil-du-temps\/wp-content\/uploads\/2024\/02\/oxford-375x450.jpg\" class=\"attachment-blossom-pin-slider size-blossom-pin-slider wp-image-136\" alt=\"\" \/>\t\t\t\t\t\t\t\t\t\t\t<figcaption class=\"widget-image-caption wp-caption-text\">\u00c9tudiants d'Oxford dans les ann\u00e9es 1900<\/figcaption>\n\t\t\t\t\t\t\t\t\t\t<\/figure>\n\t\t\t\t\t\t\t<\/div>\n\t\t\t\t<\/div>\n\t\t\t\t<\/div>\n\t\t\t\t\t<\/div>\n\t\t\t\t<\/div>\n\t\t<div class=\"elementor-element elementor-element-99a836d e-flex e-con-boxed e-con e-parent\" data-id=\"99a836d\" data-element_type=\"container\" data-settings=\"{&quot;content_width&quot;:&quot;boxed&quot;}\" data-core-v316-plus=\"true\">\n\t\t\t\t\t<div class=\"e-con-inner\">\n\t\t\t\t<div class=\"elementor-element elementor-element-081a8ed elementor-widget elementor-widget-text-editor\" data-id=\"081a8ed\" data-element_type=\"widget\" data-widget_type=\"text-editor.default\">\n\t\t\t\t<div class=\"elementor-widget-container\">\n\t\t\t\t\t\t\t<p dir=\"ltr\" style=\"line-height: 1.38; text-align: justify; background-color: #ffffff; margin-top: 6pt; margin-bottom: 0pt;\"><span style=\"font-size: 11pt; font-family: Arial,sans-serif; color: #000000; background-color: transparent; font-weight: 400; font-style: normal; font-variant: normal; text-decoration: none; vertical-align: baseline; white-space: pre-wrap;\">Les Ann\u00e9es folles ont vu le tailleur devenir un symbole de lib\u00e9ration et de r\u00e9volution, port\u00e9 par des <\/span><span style=\"font-size: 11pt; font-family: Arial, sans-serif; color: rgb(0, 0, 0); background-color: transparent; font-style: normal; font-variant: normal; text-decoration: none; vertical-align: baseline; white-space: pre-wrap;\"><b>jeunes <\/b><\/span><span style=\"font-size: 11pt; font-family: Arial, sans-serif; color: rgb(0, 0, 0); background-color: transparent; font-style: normal; font-variant: normal; text-decoration: none; vertical-align: baseline; white-space: pre-wrap;\"><b>filles<\/b><\/span><span style=\"font-size: 11pt; font-family: Arial,sans-serif; color: #000000; background-color: transparent; font-weight: 400; font-style: normal; font-variant: normal; text-decoration: none; vertical-align: baseline; white-space: pre-wrap;\"> en qu\u00eate de nouvelles silhouettes. Dans les ann\u00e9es 60, il est devenu un <\/span><span style=\"font-size: 11pt; font-family: Arial, sans-serif; color: rgb(0, 0, 0); background-color: transparent; font-style: normal; font-variant: normal; text-decoration: none; vertical-align: baseline; white-space: pre-wrap;\"><b>signe <\/b><\/span><span style=\"font-size: 11pt; font-family: Arial,sans-serif; color: #000000; background-color: transparent; font-weight: 400; font-style: normal; font-variant: normal; text-decoration: none; vertical-align: baseline; white-space: pre-wrap;\">de <\/span><span style=\"font-size: 11pt; font-family: Arial, sans-serif; color: rgb(0, 0, 0); background-color: transparent; font-style: normal; font-variant: normal; text-decoration: none; vertical-align: baseline; white-space: pre-wrap;\"><b>prise de pouvoir f\u00e9minin<\/b><\/span><span style=\"font-size: 11pt; font-family: Arial,sans-serif; color: #000000; background-color: transparent; font-weight: 400; font-style: normal; font-variant: normal; text-decoration: none; vertical-align: baseline; white-space: pre-wrap;\">, avec des designers tels que Courr\u00e8ges et Yves Saint Laurent revisitant la silhouette du tailleur pour repr\u00e9senter l&rsquo;\u00e9mancipation f\u00e9minine.&nbsp;\ud83d\udc81\ud83c\udffb\u200d\u2640\ufe0f<\/span><\/p>\n<p dir=\"ltr\" style=\"line-height: 1.38; text-align: justify; background-color: #ffffff; margin-top: 0pt; margin-bottom: 0pt; padding: 6pt 0pt 0pt 0pt;\"><span style=\"font-size: 11pt; font-family: Arial,sans-serif; color: #000000; background-color: transparent; font-weight: 400; font-style: normal; font-variant: normal; text-decoration: none; vertical-align: baseline; white-space: pre-wrap;\">Au cours des d\u00e9cennies suivantes, le blazer a continu\u00e9 \u00e0 \u00eatre un <\/span><span style=\"font-size: 11pt; font-family: Arial, sans-serif; color: rgb(0, 0, 0); background-color: transparent; font-style: normal; font-variant: normal; text-decoration: none; vertical-align: baseline; white-space: pre-wrap;\"><b>\u00e9l\u00e9ment important de la mode <\/b><\/span><span style=\"font-size: 11pt; font-family: Arial,sans-serif; color: #000000; background-color: transparent; font-weight: 400; font-style: normal; font-variant: normal; text-decoration: none; vertical-align: baseline; white-space: pre-wrap;\">masculine et f\u00e9minine, avec des designers revisitant constamment ses aspects classiques pour les adapter aux tendances contemporaines.&nbsp;<\/span><\/p>\n<p dir=\"ltr\" style=\"line-height: 1.38; text-align: justify; background-color: #ffffff; margin-top: 0pt; margin-bottom: 0pt; padding: 6pt 0pt 0pt 0pt;\"><span style=\"font-size: 11pt; font-family: Arial,sans-serif; color: #000000; background-color: transparent; font-weight: 400; font-style: normal; font-variant: normal; text-decoration: none; vertical-align: baseline; white-space: pre-wrap;\">Aujourd&rsquo;hui, le blazer est un <\/span><span style=\"font-size: 11pt; font-family: Arial, sans-serif; color: rgb(0, 0, 0); background-color: transparent; font-style: normal; font-variant: normal; text-decoration: none; vertical-align: baseline; white-space: pre-wrap;\"><b>incontournable <\/b><\/span><span style=\"font-size: 11pt; font-family: Arial,sans-serif; color: #000000; background-color: transparent; font-weight: 400; font-style: normal; font-variant: normal; text-decoration: none; vertical-align: baseline; white-space: pre-wrap;\">de la garde-robe, port\u00e9 aussi bien pour des occasions professionnelles que d\u00e9contract\u00e9es, et disponible dans une multitude de couleurs, de tissus et de coupes pour convenir \u00e0 tous les go\u00fbts et styles.&nbsp;\ud83d\ude09<\/span><\/p>\n<p><\/p>\n<p dir=\"ltr\" style=\"line-height: 1.38; text-align: justify; background-color: #ffffff; margin-top: 0pt; margin-bottom: 0pt; padding: 6pt 0pt 0pt 0pt;\"><span style=\"font-size: 11pt; font-family: Arial,sans-serif; color: #000000; background-color: transparent; font-weight: 400; font-style: normal; font-variant: normal; text-decoration: none; vertical-align: baseline; white-space: pre-wrap;\">Que ce soit pour un look d\u00e9contract\u00e9 avec un jean ou pour une tenue plus formelle avec un pantalon assorti, le blazer continue de repr\u00e9senter<\/span><span style=\"font-size: 11pt; font-family: Arial, sans-serif; color: rgb(0, 0, 0); background-color: transparent; font-style: normal; font-variant: normal; text-decoration: none; vertical-align: baseline; white-space: pre-wrap;\"><b> un m\u00e9lange parfait de style et de raffinement.&nbsp;<\/b><\/span><\/p>\t\t\t\t\t\t<\/div>\n\t\t\t\t<\/div>\n\t\t\t\t\t<\/div>\n\t\t\t\t<\/div>\n\t\t<div class=\"elementor-element elementor-element-b63461b e-flex e-con-boxed e-con e-parent\" data-id=\"b63461b\" data-element_type=\"container\" data-settings=\"{&quot;content_width&quot;:&quot;boxed&quot;}\" data-core-v316-plus=\"true\">\n\t\t\t\t\t<div class=\"e-con-inner\">\n\t\t\t\t<div class=\"elementor-element elementor-element-1db8a0e elementor-invisible elementor-widget elementor-widget-image\" data-id=\"1db8a0e\" data-element_type=\"widget\" data-settings=\"{&quot;_animation&quot;:&quot;zoomIn&quot;}\" data-widget_type=\"image.default\">\n\t\t\t\t<div class=\"elementor-widget-container\">\n\t\t\t\t\t\t\t\t\t\t\t\t\t<img loading=\"lazy\" decoding=\"async\" width=\"790\" height=\"274\" src=\"http:\/\/makingblog.audencia.com\/au-fil-du-temps\/wp-content\/uploads\/2024\/02\/Design-sans-titre-2-1024x355.png\" class=\"attachment-large size-large wp-image-152\" alt=\"\" srcset=\"http:\/\/makingblog.audencia.com\/au-fil-du-temps\/wp-content\/uploads\/2024\/02\/Design-sans-titre-2-1024x355.png 1024w, http:\/\/makingblog.audencia.com\/au-fil-du-temps\/wp-content\/uploads\/2024\/02\/Design-sans-titre-2-300x104.png 300w, http:\/\/makingblog.audencia.com\/au-fil-du-temps\/wp-content\/uploads\/2024\/02\/Design-sans-titre-2-768x266.png 768w, http:\/\/makingblog.audencia.com\/au-fil-du-temps\/wp-content\/uploads\/2024\/02\/Design-sans-titre-2-1536x533.png 1536w, http:\/\/makingblog.audencia.com\/au-fil-du-temps\/wp-content\/uploads\/2024\/02\/Design-sans-titre-2-173x60.png 173w, http:\/\/makingblog.audencia.com\/au-fil-du-temps\/wp-content\/uploads\/2024\/02\/Design-sans-titre-2.png 1903w\" sizes=\"(max-width: 790px) 100vw, 790px\" \/>\t\t\t\t\t\t\t\t\t\t\t\t\t<\/div>\n\t\t\t\t<\/div>\n\t\t\t\t\t<\/div>\n\t\t\t\t<\/div>\n\t\t\t\t<\/div>\n\t\t","protected":false},"excerpt":{"rendered":"<p>Le blazer trouve ses origines au d\u00e9but du 19\u1d49 si\u00e8cle parmi les membres des clubs de sports nautiques britanniques. Initialement con\u00e7ue comme une veste en laine bleu marine, agr\u00e9ment\u00e9e de boutons en laiton, cette pi\u00e8ce \u00e9tait port\u00e9e lors des activit\u00e9s de voile. Son nom \u00ab\u00a0blazer\u00a0\u00bb provient probablement du mot \u00ab blaze \u00bb, qui signifie \u00ab\u00a0flamboyant\u00a0\u00bb &hellip; <\/p>\n","protected":false},"author":2,"featured_media":162,"comment_status":"open","ping_status":"open","sticky":false,"template":"","format":"standard","meta":{"footnotes":""},"categories":[14],"tags":[],"class_list":["post-128","post","type-post","status-publish","format-standard","has-post-thumbnail","hentry","category-vestes","latest_post"],"_links":{"self":[{"href":"http:\/\/makingblog.audencia.com\/au-fil-du-temps\/wp-json\/wp\/v2\/posts\/128","targetHints":{"allow":["GET"]}}],"collection":[{"href":"http:\/\/makingblog.audencia.com\/au-fil-du-temps\/wp-json\/wp\/v2\/posts"}],"about":[{"href":"http:\/\/makingblog.audencia.com\/au-fil-du-temps\/wp-json\/wp\/v2\/types\/post"}],"author":[{"embeddable":true,"href":"http:\/\/makingblog.audencia.com\/au-fil-du-temps\/wp-json\/wp\/v2\/users\/2"}],"replies":[{"embeddable":true,"href":"http:\/\/makingblog.audencia.com\/au-fil-du-temps\/wp-json\/wp\/v2\/comments?post=128"}],"version-history":[{"count":14,"href":"http:\/\/makingblog.audencia.com\/au-fil-du-temps\/wp-json\/wp\/v2\/posts\/128\/revisions"}],"predecessor-version":[{"id":307,"href":"http:\/\/makingblog.audencia.com\/au-fil-du-temps\/wp-json\/wp\/v2\/posts\/128\/revisions\/307"}],"wp:featuredmedia":[{"embeddable":true,"href":"http:\/\/makingblog.audencia.com\/au-fil-du-temps\/wp-json\/wp\/v2\/media\/162"}],"wp:attachment":[{"href":"http:\/\/makingblog.audencia.com\/au-fil-du-temps\/wp-json\/wp\/v2\/media?parent=128"}],"wp:term":[{"taxonomy":"category","embeddable":true,"href":"http:\/\/makingblog.audencia.com\/au-fil-du-temps\/wp-json\/wp\/v2\/categories?post=128"},{"taxonomy":"post_tag","embeddable":true,"href":"http:\/\/makingblog.audencia.com\/au-fil-du-temps\/wp-json\/wp\/v2\/tags?post=128"}],"curies":[{"name":"wp","href":"https:\/\/api.w.org\/{rel}","templated":true}]}}